{"id":44,"date":"2011-04-08T12:33:00","date_gmt":"2011-04-08T12:33:00","guid":{"rendered":"http:\/\/blogs.hoy.es\/migas-canas\/?p=44"},"modified":"2011-04-08T12:33:00","modified_gmt":"2011-04-08T12:33:00","slug":"cuerpo-y-alma","status":"publish","type":"post","link":"https:\/\/blogs.hoy.es\/migas-canas\/2011\/04\/08\/cuerpo-y-alma\/","title":{"rendered":"CUERPO Y ALMA"},"content":{"rendered":"<p>Una ma\u00f1ana, en la cima del cerro gallego de Moa\u00f1o, apareci\u00f3 una silla gigante. En Badajoz, cuando iba a trabajar, me encontr\u00e9 en el cerro del Viento una cruz enorme hecha con dos postes de la luz. Pens\u00e9 que pod\u00eda ser una escultura vanguardista de artistas extreme\u00f1os, pero no. Se\u00f1alaba el espacio reservado para desplegar la iglesia ahora comprimida en una cochera de la calle Alc\u00e1ntara. La nueva iglesia comparte linde con el centro de salud de Valdepasillas donde van a diario numerosos pensionistas. Todos sabemos de la buena relaci\u00f3n entre jubilado y obra. Ahora, que hay pocas, est\u00e1n de enhorabuena con \u00e9sta. Los pensionistas se asoman por todos los rincones y ventanas del centro sanitario. Se escapan por las puertas de emergencias para mirar apoyados en la barandilla mientras esperan turno para la tensi\u00f3n y el az\u00facar. Cuando termine la obra, el cerro del Viento ser\u00e1 un lugar m\u00e1gico donde se podr\u00e1 sanar, en un mismo espacio, cuerpo y alma. \u00bfQu\u00e9 tendr\u00e1n las obras que atraen tanto? Ken Folen, con una gran visi\u00f3n comercial, se forr\u00f3 escribiendo como se constru\u00eda una catedral.<\/p>\n<!-- AddThis Advanced Settings generic via filter on the_content --><!-- AddThis Share Buttons generic via filter on the_content -->","protected":false},"excerpt":{"rendered":"<p>Una ma\u00f1ana, en la cima del cerro gallego de Moa\u00f1o, apareci\u00f3 una silla gigante. En Badajoz, cuando iba a trabajar, me encontr\u00e9 en el cerro del Viento una cruz enorme hecha con dos postes de la luz. Pens\u00e9 que pod\u00eda ser una escultura vanguardista de artistas extreme\u00f1os, pero no. Se\u00f1alaba el espacio reservado para desplegar [&hellip;]<!-- AddThis Advanced Settings generic via filter on get_the_excerpt --><!-- AddThis Share Buttons generic via filter on get_the_excerpt --><\/p>\n","protected":false},"author":10,"featured_media":0,"comment_status":"open","ping_status":"closed","sticky":false,"template":"","format":"standard","meta":[],"categories":[4],"tags":[],"_links":{"self":[{"href":"https:\/\/blogs.hoy.es\/migas-canas\/wp-json\/wp\/v2\/posts\/44"}],"collection":[{"href":"https:\/\/blogs.hoy.es\/migas-canas\/wp-json\/wp\/v2\/posts"}],"about":[{"href":"https:\/\/blogs.hoy.es\/migas-canas\/wp-json\/wp\/v2\/types\/post"}],"author":[{"embeddable":true,"href":"https:\/\/blogs.hoy.es\/migas-canas\/wp-json\/wp\/v2\/users\/10"}],"replies":[{"embeddable":true,"href":"https:\/\/blogs.hoy.es\/migas-canas\/wp-json\/wp\/v2\/comments?post=44"}],"version-history":[{"count":0,"href":"https:\/\/blogs.hoy.es\/migas-canas\/wp-json\/wp\/v2\/posts\/44\/revisions"}],"wp:attachment":[{"href":"https:\/\/blogs.hoy.es\/migas-canas\/wp-json\/wp\/v2\/media?parent=44"}],"wp:term":[{"taxonomy":"category","embeddable":true,"href":"https:\/\/blogs.hoy.es\/migas-canas\/wp-json\/wp\/v2\/categories?post=44"},{"taxonomy":"post_tag","embeddable":true,"href":"https:\/\/blogs.hoy.es\/migas-canas\/wp-json\/wp\/v2\/tags?post=44"}],"curies":[{"name":"wp","href":"https:\/\/api.w.org\/{rel}","templated":true}]}}