{"id":440,"date":"2014-04-30T07:46:09","date_gmt":"2014-04-30T06:46:09","guid":{"rendered":"http:\/\/blogs.hoy.es\/migas-canas\/?p=440"},"modified":"2014-04-30T07:46:09","modified_gmt":"2014-04-30T06:46:09","slug":"biblioteca-y-funcionarios","status":"publish","type":"post","link":"https:\/\/blogs.hoy.es\/migas-canas\/2014\/04\/30\/biblioteca-y-funcionarios\/","title":{"rendered":"BIBLIOTECA Y FUNCIONARIOS"},"content":{"rendered":"<p><a href=\"\/migas-canas\/wp-content\/uploads\/sites\/8\/2014\/04\/IMG-20140430-WA00001.jpg\"><img loading=\"lazy\" class=\"aligncenter size-medium wp-image-442\" title=\"IMG-20140430-WA0000\" src=\"\/migas-canas\/wp-content\/uploads\/sites\/8\/2014\/04\/IMG-20140430-WA00001.jpg\" alt=\"\" width=\"300\" height=\"225\" srcset=\"https:\/\/static-blogs.hoy.es\/wp-content\/uploads\/sites\/8\/2014\/04\/IMG-20140430-WA00001.jpg 816w, https:\/\/static-blogs.hoy.es\/wp-content\/uploads\/sites\/8\/2014\/04\/IMG-20140430-WA00001-300x225.jpg 300w, https:\/\/static-blogs.hoy.es\/wp-content\/uploads\/sites\/8\/2014\/04\/IMG-20140430-WA00001-768x576.jpg 768w\" sizes=\"(max-width: 300px) 100vw, 300px\" \/><\/a><strong>En este mes de abril el sol brilla y los \u00e1rboles lucen en la temporada primavera verano<\/strong>. Los verdaderos brotes verdes se convierten en hojas tiernas que despliegan todo su aroma por avenidas y parques. Apetece estar en la calle, sin embargo, estoy aqu\u00ed, en la biblioteca, donde se siente el hormigueo de la gente fuera disfrutando de la corta primavera pacense. En esta tarde soleada solo est\u00e1n,entre libros, los que no les queda m\u00e1s <strong>remedio y los que disfrutamos con ellos.<\/strong><br \/>\n<strong> Miro a los estudiante que se dejan los ojos en los apuntes con cara de cansancio<\/strong>, con cara de querer estar en otro lugar. Nunca disfrute del <strong>Lazarillo, del Arcipreste de Hita, del Poema del Mio Cid<\/strong> hasta que no los le\u00ed sin la obligaci\u00f3n de tener que hacer un comentario de texto,sin que pesara sobre mi la carga de una calificaci\u00f3n negativa.<a href=\"\/migas-canas\/wp-content\/uploads\/sites\/8\/2014\/04\/IMG1037.jpg\"><img loading=\"lazy\" class=\"alignright size-medium wp-image-443\" title=\"IMG1037\" src=\"\/migas-canas\/wp-content\/uploads\/sites\/8\/2014\/04\/IMG1037.jpg\" alt=\"\" width=\"300\" height=\"225\" srcset=\"https:\/\/static-blogs.hoy.es\/wp-content\/uploads\/sites\/8\/2014\/04\/IMG1037.jpg 2048w, https:\/\/static-blogs.hoy.es\/wp-content\/uploads\/sites\/8\/2014\/04\/IMG1037-300x225.jpg 300w, https:\/\/static-blogs.hoy.es\/wp-content\/uploads\/sites\/8\/2014\/04\/IMG1037-768x576.jpg 768w, https:\/\/static-blogs.hoy.es\/wp-content\/uploads\/sites\/8\/2014\/04\/IMG1037-1024x768.jpg 1024w\" sizes=\"(max-width: 300px) 100vw, 300px\" \/><\/a><br \/>\n<strong>Otros usuarios de la biblioteca estudian oposiciones para funcionarios, la profesi\u00f3n m\u00e1s despreciada y castigada de esta legislatura<\/strong>. La moda es la de ser emprendedor, quien tiene<strong> el Bolet\u00edn Oficial del Estado y la televisi\u00f3n crea tendencia<\/strong>s. Los funcionarios son los mediocres y par\u00e1sitos de estos tiempos, todos aquellos flojos que arriesgaron tiempo y dinero a la suerte de una oposici\u00f3n.<strong>Nunca pensamos que los funcionarios que trabajan en las distintas<\/strong> <strong>administraciones son<\/strong> <strong>los que mejor hicieron el examen entre miles<\/strong>; bomberos que ten\u00edan que correr, saltar y nadar m\u00e1s que sus rivales; polic\u00edas municipales que ten\u00edan que subir la cuerda y resolver el test psicol\u00f3gico antes y mejor que los dem\u00e1s; maestros que escrib\u00edan el tema que una bola numerada decid\u00eda para luego,unos d\u00edas despu\u00e9s, defenderlo verbalmente frente a un tribunal de cinco o seis personas que les miraban fijamente y tomaban nota.<strong> Funcionarios que aprobaron unas competidas oposiciones para ser dirigidos por los que<\/strong> <strong>tuvieron que pasar por el mal trago de mancharse las manos pegando cartele<\/strong>s, o dando m\u00edtines en pueblos perdidos.<br \/>\nEsta bien que haya emprendedores y que los alienten desde el Gobierno pero para ensalzar a unos no es necesario desde\u00f1ar a otros. No creo en los partidos pol\u00edticos que se dedican a desprestigiar al rival en lugar de ofrecernos sus virtudes. <strong>Demostrar que eres el que m\u00e1s vale se consigue con <\/strong><\/p>\n<p><strong>\u00e9ritos, no sacando a la luz las torpeza y limitaciones del rival.<a href=\"\/migas-canas\/wp-content\/uploads\/sites\/8\/2014\/04\/IMG8255.jpg\"><img loading=\"lazy\" class=\"alignright size-medium wp-image-447\" title=\"IMG825\" src=\"\/migas-canas\/wp-content\/uploads\/sites\/8\/2014\/04\/IMG8255.jpg\" alt=\"\" width=\"300\" height=\"225\" srcset=\"https:\/\/static-blogs.hoy.es\/wp-content\/uploads\/sites\/8\/2014\/04\/IMG8255.jpg 2048w, https:\/\/static-blogs.hoy.es\/wp-content\/uploads\/sites\/8\/2014\/04\/IMG8255-300x225.jpg 300w, https:\/\/static-blogs.hoy.es\/wp-content\/uploads\/sites\/8\/2014\/04\/IMG8255-768x576.jpg 768w, https:\/\/static-blogs.hoy.es\/wp-content\/uploads\/sites\/8\/2014\/04\/IMG8255-1024x768.jpg 1024w\" sizes=\"(max-width: 300px) 100vw, 300px\" \/><\/a><\/strong><\/p>\n<p><a href=\"\/migas-canas\/wp-content\/uploads\/sites\/8\/2014\/04\/IMG1043.jpg\"><img loading=\"lazy\" class=\"alignleft size-medium wp-image-444\" title=\"IMG1043\" src=\"\/migas-canas\/wp-content\/uploads\/sites\/8\/2014\/04\/IMG1043.jpg\" alt=\"\" width=\"300\" height=\"225\" srcset=\"https:\/\/static-blogs.hoy.es\/wp-content\/uploads\/sites\/8\/2014\/04\/IMG1043.jpg 2048w, https:\/\/static-blogs.hoy.es\/wp-content\/uploads\/sites\/8\/2014\/04\/IMG1043-300x225.jpg 300w, https:\/\/static-blogs.hoy.es\/wp-content\/uploads\/sites\/8\/2014\/04\/IMG1043-768x576.jpg 768w, https:\/\/static-blogs.hoy.es\/wp-content\/uploads\/sites\/8\/2014\/04\/IMG1043-1024x768.jpg 1024w\" sizes=\"(max-width: 300px) 100vw, 300px\" \/><\/a><\/p>\n<!-- AddThis Advanced Settings generic via filter on the_content --><!-- AddThis Share Buttons generic via filter on the_content -->","protected":false},"excerpt":{"rendered":"<p>En este mes de abril el sol brilla y los \u00e1rboles lucen en la temporada primavera verano. Los verdaderos brotes verdes se convierten en hojas tiernas que despliegan todo su aroma por avenidas y parques. Apetece estar en la calle, sin embargo, estoy aqu\u00ed, en la biblioteca, donde se siente el hormigueo de la gente [&hellip;]<!-- AddThis Advanced Settings generic via filter on get_the_excerpt --><!-- AddThis Share Buttons generic via filter on get_the_excerpt --><\/p>\n","protected":false},"author":10,"featured_media":0,"comment_status":"open","ping_status":"closed","sticky":false,"template":"","format":"standard","meta":[],"categories":[2],"tags":[17,69,144,161,399,421,477,632,757,778,862,872,875],"_links":{"self":[{"href":"https:\/\/blogs.hoy.es\/migas-canas\/wp-json\/wp\/v2\/posts\/440"}],"collection":[{"href":"https:\/\/blogs.hoy.es\/migas-canas\/wp-json\/wp\/v2\/posts"}],"about":[{"href":"https:\/\/blogs.hoy.es\/migas-canas\/wp-json\/wp\/v2\/types\/post"}],"author":[{"embeddable":true,"href":"https:\/\/blogs.hoy.es\/migas-canas\/wp-json\/wp\/v2\/users\/10"}],"replies":[{"embeddable":true,"href":"https:\/\/blogs.hoy.es\/migas-canas\/wp-json\/wp\/v2\/comments?post=440"}],"version-history":[{"count":0,"href":"https:\/\/blogs.hoy.es\/migas-canas\/wp-json\/wp\/v2\/posts\/440\/revisions"}],"wp:attachment":[{"href":"https:\/\/blogs.hoy.es\/migas-canas\/wp-json\/wp\/v2\/media?parent=440"}],"wp:term":[{"taxonomy":"category","embeddable":true,"href":"https:\/\/blogs.hoy.es\/migas-canas\/wp-json\/wp\/v2\/categories?post=440"},{"taxonomy":"post_tag","embeddable":true,"href":"https:\/\/blogs.hoy.es\/migas-canas\/wp-json\/wp\/v2\/tags?post=440"}],"curies":[{"name":"wp","href":"https:\/\/api.w.org\/{rel}","templated":true}]}}