{"id":450,"date":"2014-05-14T09:17:38","date_gmt":"2014-05-14T08:17:38","guid":{"rendered":"http:\/\/blogs.hoy.es\/migas-canas\/?p=450"},"modified":"2014-05-14T09:17:38","modified_gmt":"2014-05-14T08:17:38","slug":"450","status":"publish","type":"post","link":"https:\/\/blogs.hoy.es\/migas-canas\/2014\/05\/14\/450\/","title":{"rendered":"LOS GEMELOS"},"content":{"rendered":"<p><strong><a href=\"\/migas-canas\/wp-content\/uploads\/sites\/8\/2014\/05\/IMG-wuasa1.jpg\"><img loading=\"lazy\" class=\"aligncenter size-medium wp-image-456\" title=\"IMG-wuasa\" src=\"\/migas-canas\/wp-content\/uploads\/sites\/8\/2014\/05\/IMG-wuasa1.jpg\" alt=\"\" width=\"300\" height=\"199\" srcset=\"https:\/\/static-blogs.hoy.es\/wp-content\/uploads\/sites\/8\/2014\/05\/IMG-wuasa1.jpg 800w, https:\/\/static-blogs.hoy.es\/wp-content\/uploads\/sites\/8\/2014\/05\/IMG-wuasa1-300x200.jpg 300w, https:\/\/static-blogs.hoy.es\/wp-content\/uploads\/sites\/8\/2014\/05\/IMG-wuasa1-768x512.jpg 768w\" sizes=\"(max-width: 300px) 100vw, 300px\" \/><\/a>Sal\u00ed a la calle direcci\u00f3n al L\u00f3pez. Representaban \u201clos Gemelos\u201d<\/strong>, la obra extreme\u00f1a que triunfo en el \u00faltimo festival de M\u00e9rida. Era jueves<strong>. Me<\/strong> <strong>cruce con muchos j\u00f3venes<\/strong>: ellas con falda corta, ellos con pantalones ca\u00eddos, todos con bolsas de supermercados llenas de botellas.<strong> Frente a la<\/strong> <strong>Delegaci\u00f3n del Gobiern<\/strong>o hab\u00eda una manifestaci\u00f3n, vi m\u00e1s polic\u00edas que manifestantes. Hac\u00eda tiempo que no iba por el centro. M<strong>e acorde que <\/strong>ten\u00eda que pagar el IBI y del rodaje del coche y me vino a la cabeza los <strong>800.000 euros que cuesta tirar el cubo<\/strong>. Cuantas rentas b\u00e1sicas se podr\u00edan pagar con esto. Yo le pondr\u00eda una enredadera verde o unos \u00e1rboles que lo cubrieran. Cada uno tiene su opini\u00f3n y la m\u00eda quiz\u00e1s sea demasiado simple. Fijase <strong>si soy miope en cuestiones pol\u00edticas que ni siquiera veo a mi alrededor la recuperaci\u00f3n anunciada por el Gobierno<\/strong>. Soy un cegato pol\u00edtico por eso no escribo de pol\u00edtica. Veo a la princesa desnuda y me da verg\u00fcenza decirlo.<\/p>\n<div id=\"attachment_452\" style=\"width: 160px\" class=\"wp-caption alignright\"><a href=\"\/migas-canas\/wp-content\/uploads\/sites\/8\/2014\/05\/los-gemelos.jpeg\"><img aria-describedby=\"caption-attachment-452\" loading=\"lazy\" class=\"size-full wp-image-452\" title=\"los gemelos\" src=\"\/migas-canas\/wp-content\/uploads\/sites\/8\/2014\/05\/los-gemelos.jpeg\" alt=\"los gemelos\" width=\"150\" height=\"94\" \/><\/a><p id=\"caption-attachment-452\" class=\"wp-caption-text\">los gemelos<\/p><\/div>\n<p><strong>Llego al teatro. Esta lleno<\/strong>. Me siento en la segunda fila. Mis vecinos de butaca son de alguna compa\u00f1\u00eda. \u201cnos han llamado para actuar\u201d, dice el de mi derecha: \u201ctenemos que presentar un presupuesto con el precio ajustado\u201d . \u201cCubriendo gastos nos conformamos\u201d dice otro. Me entra ganas de gritar que no, <strong>que no se debe trabajar gratis.<\/strong><\/p>\n<p><strong>Empieza la funci\u00f3n. El teatro es una carcajada tras otr<\/strong>a , me viene bien dicen que viven m\u00e1s los que r\u00eden y yo hace tiempo que no lo hago. <strong>Florian Recio ha escrito una actualizada versi\u00f3n de la obra de Plauto<\/strong>.<strong> En teatro todo lo que lleva el sello de Fernando Ramos es bueno<\/strong>. me gust\u00f3 hasta cuando present\u00f3 la tarde en Canal Extremadura.<strong> Al final, puesto en pie, aplaude todo el p\u00fablico.<\/strong><\/p>\n<p><strong>Camino de casa me encuentro con Celestino Veg<\/strong>a le tengo cari\u00f1o desde \u201cchiquinino\u201d. Llevo prisa y no me paro, aunque siento curiosidad por preguntarle sobre la moci\u00f3n de censura de su partido.<strong> Una moci\u00f3n de censura dirigida m\u00e1s a la publicidad y a IU que al PP.<\/strong> Hoy sabemos que IU no la apoyar\u00e1. Ser\u00eda bueno saber en pr\u00f3ximas elecciones, de las que se dicen que saldr\u00e1n partidos minoritarios, a quienes dar\u00e1n su apoyo estos <a href=\"\/migas-canas\/wp-content\/uploads\/sites\/8\/2014\/05\/iope.jpeg\"><img loading=\"lazy\" class=\"alignleft size-full wp-image-454\" title=\"iope\" src=\"\/migas-canas\/wp-content\/uploads\/sites\/8\/2014\/05\/iope.jpeg\" alt=\"\" width=\"131\" height=\"86\" \/><\/a>partidos.<\/p>\n<p><strong>Me trague enterito el debate de la regi\u00f3n<\/strong> <strong>lo que m\u00e1s me gusto fueron las cr\u00f3nicas de Valbuena en el HOY. Ya tenemos nuestra Carandel pacense aunque sea de Baracaldo.<\/strong><\/p>\n<!-- AddThis Advanced Settings generic via filter on the_content --><!-- AddThis Share Buttons generic via filter on the_content -->","protected":false},"excerpt":{"rendered":"<p>Sal\u00ed a la calle direcci\u00f3n al L\u00f3pez. Representaban \u201clos Gemelos\u201d, la obra extreme\u00f1a que triunfo en el \u00faltimo festival de M\u00e9rida. Era jueves. Me cruce con muchos j\u00f3venes: ellas con falda corta, ellos con pantalones ca\u00eddos, todos con bolsas de supermercados llenas de botellas. Frente a la Delegaci\u00f3n del Gobierno hab\u00eda una manifestaci\u00f3n, vi m\u00e1s [&hellip;]<!-- AddThis Advanced Settings generic via filter on get_the_excerpt --><!-- AddThis Share Buttons generic via filter on get_the_excerpt --><\/p>\n","protected":false},"author":10,"featured_media":0,"comment_status":"open","ping_status":"closed","sticky":false,"template":"","format":"standard","meta":[],"categories":[2],"tags":[209,243,384,444,551,652,737,871,881,921,1059],"_links":{"self":[{"href":"https:\/\/blogs.hoy.es\/migas-canas\/wp-json\/wp\/v2\/posts\/450"}],"collection":[{"href":"https:\/\/blogs.hoy.es\/migas-canas\/wp-json\/wp\/v2\/posts"}],"about":[{"href":"https:\/\/blogs.hoy.es\/migas-canas\/wp-json\/wp\/v2\/types\/post"}],"author":[{"embeddable":true,"href":"https:\/\/blogs.hoy.es\/migas-canas\/wp-json\/wp\/v2\/users\/10"}],"replies":[{"embeddable":true,"href":"https:\/\/blogs.hoy.es\/migas-canas\/wp-json\/wp\/v2\/comments?post=450"}],"version-history":[{"count":0,"href":"https:\/\/blogs.hoy.es\/migas-canas\/wp-json\/wp\/v2\/posts\/450\/revisions"}],"wp:attachment":[{"href":"https:\/\/blogs.hoy.es\/migas-canas\/wp-json\/wp\/v2\/media?parent=450"}],"wp:term":[{"taxonomy":"category","embeddable":true,"href":"https:\/\/blogs.hoy.es\/migas-canas\/wp-json\/wp\/v2\/categories?post=450"},{"taxonomy":"post_tag","embeddable":true,"href":"https:\/\/blogs.hoy.es\/migas-canas\/wp-json\/wp\/v2\/tags?post=450"}],"curies":[{"name":"wp","href":"https:\/\/api.w.org\/{rel}","templated":true}]}}