{"id":457,"date":"2014-05-29T18:53:30","date_gmt":"2014-05-29T17:53:30","guid":{"rendered":"http:\/\/blogs.hoy.es\/migas-canas\/?p=457"},"modified":"2014-05-29T18:53:30","modified_gmt":"2014-05-29T17:53:30","slug":"mayo-feria-del-libro-palomos-y-flores","status":"publish","type":"post","link":"https:\/\/blogs.hoy.es\/migas-canas\/2014\/05\/29\/mayo-feria-del-libro-palomos-y-flores\/","title":{"rendered":"MAYO: FERIA DEL LIBRO, PALOMOS Y FLORES"},"content":{"rendered":"<ul>\n<li><a href=\"\/migas-canas\/wp-content\/uploads\/sites\/8\/2014\/05\/PALOMOS.jpg\"><img loading=\"lazy\" class=\"aligncenter size-medium wp-image-458\" title=\"PALOMOS\" src=\"\/migas-canas\/wp-content\/uploads\/sites\/8\/2014\/05\/PALOMOS.jpg\" alt=\"\" width=\"300\" height=\"225\" srcset=\"https:\/\/static-blogs.hoy.es\/wp-content\/uploads\/sites\/8\/2014\/05\/PALOMOS.jpg 2048w, https:\/\/static-blogs.hoy.es\/wp-content\/uploads\/sites\/8\/2014\/05\/PALOMOS-300x225.jpg 300w, https:\/\/static-blogs.hoy.es\/wp-content\/uploads\/sites\/8\/2014\/05\/PALOMOS-768x576.jpg 768w, https:\/\/static-blogs.hoy.es\/wp-content\/uploads\/sites\/8\/2014\/05\/PALOMOS-1024x768.jpg 1024w\" sizes=\"(max-width: 300px) 100vw, 300px\" \/><\/a><strong>Aquel s\u00e1bado m\u00faltiples ofertas de ocio revoloteaban por la calle y los paneles de Badajoz<\/strong>. Era el primer a\u00f1o que iba a ir a la<strong> fiesta de los<\/strong><strong>palomos<\/strong> y no fui. Este mayo tenemos de todo y para todos, podemos empezar por el espect\u00e1culo c\u00f3mico festivo de pol\u00edticos en campa\u00f1a que hubiera pasado desapercibido a no ser por el torpe regreso del macho ib\u00e9rico a los ruedos de la patria. Del festival d<strong>e Eurovisi\u00f3n<\/strong> vimos alguna imitaci\u00f3n del ganador\/ganadora el d\u00eda de los palomos subidos en tambaleantes tacones de ginebra. Ese s\u00e1bado sal\u00ed para ir a la fiesta de<strong> Celdr\u00e1n y Wyoming<\/strong> pero al pasar por San Francisco me qued\u00e9 en la feria del libro. Me sent\u00e9 en la carpa de presentaciones,me seduc\u00eda m\u00e1s la palabra que la fiesta arco\u00edris. De la tribuna solo conoc\u00eda <strong>a Pecellin Lancharro,<\/strong>me dio clase un curso en el Zurbar\u00e1n. y<strong> a Enrique, el director del aula D\u00edaz Canedo<\/strong> al que algunos llamaban Quique, creo que es el que m\u00e1s libros ha presentado esta feria. Regres\u00e9 dos d\u00edas despu\u00e9s para ver a <strong>Francisco Pilo Ortiz<\/strong>, al que conozco de Facebok. Tambi\u00e9n fui el d\u00eda que interven\u00eda el periodista escritor<strong> Rodr\u00edguez Lara<\/strong> con su libro \u201c<strong>La burra el gps y otros av\u00edo de comer<\/strong>\u201d <strong>Justo Vila<\/strong> ley\u00f3 una emotiva introducci\u00f3n. Joaqu\u00edn me anima para seguir escribiendo, cree que alg\u00fan d\u00eda saldr\u00e1 algo de este torpe teclado al que le falta, adem\u00e1s del acento, la chispa. Joaqu\u00edn me aconseja y corrige, ya se que muchos de los que disfrutan poniendo pegas , esos que buscan el fallo m\u00e1s que la virtud y que utilizan su textos como una auto-ayuda para liberar frustraciones dir\u00e1n que no me corrigi\u00f3 lo suficiente y que sigo teniendo numerosos fallos.<\/li>\n<\/ul>\n<p>De la feria del libro tambi\u00e9n me quedo con<strong> Sol Moreno<\/strong> la azafata m\u00e1s guapa y simp\u00e1tica de la feria, la que informaba desde su stand una veces con gafas de ver otras a ojo descubierto y que regalaba, adem\u00e1s de un ejemplar del HOY, simpat\u00eda, belleza y una f\u00e1cil sonrisa a todos los que se acercaban a preguntar.<a href=\"\/migas-canas\/wp-content\/uploads\/sites\/8\/2014\/05\/FERIA-DEL-LIBRO.jpeg\"><img loading=\"lazy\" class=\"alignleft size-full wp-image-459\" title=\"FERIA DEL LIBRO\" src=\"\/migas-canas\/wp-content\/uploads\/sites\/8\/2014\/05\/FERIA-DEL-LIBRO.jpeg\" alt=\"\" width=\"135\" height=\"90\" \/><\/a><br \/>\n<strong>Un mayo de San Isidro para amantes del campo<\/strong> esos de patillas largas, caballos, vino en bota, tortilla de patatas y filetes \u201cempanaos\u201d un mayo de color <strong>rojiblanco, de sabor merengue<\/strong>, de fuentes futboleras, un mayo que no se pierden ni cientos de an\u00f3nimos al\u00e9rgicos aunque tengan que ir escondidos detr\u00e1s des sus blancas m\u00e1scaras.<\/p>\n<!-- AddThis Advanced Settings generic via filter on the_content --><!-- AddThis Share Buttons generic via filter on the_content -->","protected":false},"excerpt":{"rendered":"<p>Aquel s\u00e1bado m\u00faltiples ofertas de ocio revoloteaban por la calle y los paneles de Badajoz. Era el primer a\u00f1o que iba a ir a la fiesta de lospalomos y no fui. Este mayo tenemos de todo y para todos, podemos empezar por el espect\u00e1culo c\u00f3mico festivo de pol\u00edticos en campa\u00f1a que hubiera pasado desapercibido a [&hellip;]<!-- AddThis Advanced Settings generic via filter on get_the_excerpt --><!-- AddThis Share Buttons generic via filter on get_the_excerpt --><\/p>\n","protected":false},"author":10,"featured_media":0,"comment_status":"open","ping_status":"closed","sticky":false,"template":"","format":"standard","meta":[],"categories":[2],"tags":[79,208,242,442,468,566,589,792,824,858,979,1093],"_links":{"self":[{"href":"https:\/\/blogs.hoy.es\/migas-canas\/wp-json\/wp\/v2\/posts\/457"}],"collection":[{"href":"https:\/\/blogs.hoy.es\/migas-canas\/wp-json\/wp\/v2\/posts"}],"about":[{"href":"https:\/\/blogs.hoy.es\/migas-canas\/wp-json\/wp\/v2\/types\/post"}],"author":[{"embeddable":true,"href":"https:\/\/blogs.hoy.es\/migas-canas\/wp-json\/wp\/v2\/users\/10"}],"replies":[{"embeddable":true,"href":"https:\/\/blogs.hoy.es\/migas-canas\/wp-json\/wp\/v2\/comments?post=457"}],"version-history":[{"count":0,"href":"https:\/\/blogs.hoy.es\/migas-canas\/wp-json\/wp\/v2\/posts\/457\/revisions"}],"wp:attachment":[{"href":"https:\/\/blogs.hoy.es\/migas-canas\/wp-json\/wp\/v2\/media?parent=457"}],"wp:term":[{"taxonomy":"category","embeddable":true,"href":"https:\/\/blogs.hoy.es\/migas-canas\/wp-json\/wp\/v2\/categories?post=457"},{"taxonomy":"post_tag","embeddable":true,"href":"https:\/\/blogs.hoy.es\/migas-canas\/wp-json\/wp\/v2\/tags?post=457"}],"curies":[{"name":"wp","href":"https:\/\/api.w.org\/{rel}","templated":true}]}}