{"id":46,"date":"2011-05-16T08:15:00","date_gmt":"2011-05-16T08:15:00","guid":{"rendered":"http:\/\/blogs.hoy.es\/migas-canas\/?p=46"},"modified":"2011-05-16T08:15:00","modified_gmt":"2011-05-16T08:15:00","slug":"plaza-alta","status":"publish","type":"post","link":"https:\/\/blogs.hoy.es\/migas-canas\/2011\/05\/16\/plaza-alta\/","title":{"rendered":"PLAZA ALTA"},"content":{"rendered":"<p>   <meta http-equiv=\"CONTENT-TYPE\" content=\"text\/html; charset=utf-8\"><title><\/title><meta name=\"GENERATOR\" content=\"OpenOffice.org 2.2  (Linux)\"><meta name=\"CREATED\" content=\"20110428;17441700\"><meta name=\"CHANGED\" content=\"20110428;19341200\">     <\/p>\n<style type=\"text\/css\">  <\/style>\n<p style=\"margin-bottom: 0cm;\">Desde las murallas del Castillo  veo a la Kaita y Alejandro Vega que,acompa\u00f1ados de un guitarrista, se dirijen a la cacharrer\u00eda del Chupy donde les espera el Peregrino.El nervio se echa un baile delante de los  veladores de la Casona.\u201ddame algo primo\u201d. Un gitano vende loter\u00eda.A lo lejos distingo a  mi amigo Manuel con una mochila en la espalda que se dirige a la biblioteca de la UNED. Todo es  familiar en la plaza.  El arte fluye con naturalidad<span style=\"text-decoration: none;\">. Para muchos,  esta es su casa,<\/span> unos la usan como comedor, otros como dormitorio y los pacenses como un sal\u00f3n hermoso que se muestra a las visitas con orgullo. Cualquier d\u00eda  puedes encontrar artistas cantando o tocando la guitarra o fotografiando las casas \u201ccolora\u201d o intentando reproducir en un lienzo el alma de los soportales. La plaza alta hace de lo excepcional lo habitual. Nada es, en esta parte de la ciudad,como en otras. Aqu\u00ed,unas casas se caen, otras se levantan, algunas se rehabilita. El que por la tarde cuenta,con ojos brillantes, como bailaba para el Camar\u00f3n, por la noche,apagadas las luces, busca cartones para dormir bajo el arco del Toril. Dicen que en esta plaza huele a tangos y jaleos;a vino y hachis; a vida y  a muerte. \u201cTriste es pedir pero m\u00e1s triste es robar\u201d.Dice un toxic\u00f3mano con rastas a unos turistas que le escuchan antes de darle unas monedas,seg\u00fan \u00e9l, para un bocadillo. Le dan la limosna aunque todos sabemos que el bocadillo lleva veneno blanco dentro. J\u00f3venes y mayores pisan a diario este suelo de sue\u00f1os,recuerdos, y a\u00f1oranzas.  <\/p>\n<p style=\"margin-bottom: 0cm;\">En la calle, que baja,(Moreno Zancudo) venden: churros, que llevan a domicilio; libros de segunda mano de Estefan\u00eda Lafuente y de Bonanza con el dibujo del mapa de la ponderosa ardiendo,todo a un euro. A la calle del burro ahora la llaman por su nombre,Encarnaci\u00f3n, sus casas han perdido ese misterio s\u00f3rdido de placer prohibido.Desde ella se llega al museo Luis de Morales y a los aparcamientos subterraneo.En la calle ya no caben m\u00e1s coches. Veo al alcalde, o uno que se le parece, con las gafas de sheriff  americano, hablando y gesticulando con Celestino Vega. Quizas est\u00e9n debatiendo.Aqu\u00ed,todo puede pasar. Contemplo, a la caida de la tarde,en el murmullo cansino de la siesta, a uno que me parece que  es de los Chuguitos, y el que va con \u00e9l,como un  pincel, con  chaqueta blanca y un  clavel en la solapa, parece el Porrina, o su esp\u00edritu, que  tiene una presencia permantente en este lugar, y donde seg\u00fan algunos, si cierras los ojos y agudiza el o\u00eddo, puedes o\u00edr sus tangos que salen del interior de las casas.  <\/p>\n<p style=\"margin-bottom: 0cm;\" lang=\"es-ES\"><span style=\"color:#000000\"><font size=\"3\">El primer s\u00e1bados de cada mes,jubilados, senderistas  yonquis y anticuarios se mezclan, en estas ramblas y rastro pacense, para buscar esa ganga que,en algunas ocasiones, se encuentran en los puestos ambulantes de antig\u00fcedades. Aspirantes a artistas y artistas.Flamencos y flamenquitos y alg\u00fan voyeurista,como yo, que mira desde una torre albarrana para intentar inmortalizar este instante, sentimos en nuestro interior que aqu\u00ed siempre puede pasar algo. Miro hacia el convento, al fondo se ve el rio anaranjado que pasa lento entre los ojos del puente viejo, mientras. oigo a lo lejos, en la desgarradora voz de la Kaita. \u201cal llegar a la plaza alta lo primero que se ve el puesto la Magdalena y  el convento San Jos\u00e9\u201d. Un momento m\u00e1gico que se puede repetir ma\u00f1ana, aunque ma\u00f1ana, ya ninguno seamos los mismo.<\/span><\/span><\/p>\n<p style=\"margin-bottom: 0cm;\" lang=\"es-ES\">\n<!-- AddThis Advanced Settings generic via filter on the_content --><!-- AddThis Share Buttons generic via filter on the_content -->","protected":false},"excerpt":{"rendered":"<p>Desde las murallas del Castillo veo a la Kaita y Alejandro Vega que,acompa\u00f1ados de un guitarrista, se dirijen a la cacharrer\u00eda del Chupy donde les espera el Peregrino.El nervio se echa un baile delante de los veladores de la Casona.\u201ddame algo primo\u201d. Un gitano vende loter\u00eda.A lo lejos distingo a mi amigo Manuel con una [&hellip;]<!-- AddThis Advanced Settings generic via filter on get_the_excerpt --><!-- AddThis Share Buttons generic via filter on get_the_excerpt --><\/p>\n","protected":false},"author":10,"featured_media":0,"comment_status":"open","ping_status":"closed","sticky":false,"template":"","format":"standard","meta":[],"categories":[4],"tags":[],"_links":{"self":[{"href":"https:\/\/blogs.hoy.es\/migas-canas\/wp-json\/wp\/v2\/posts\/46"}],"collection":[{"href":"https:\/\/blogs.hoy.es\/migas-canas\/wp-json\/wp\/v2\/posts"}],"about":[{"href":"https:\/\/blogs.hoy.es\/migas-canas\/wp-json\/wp\/v2\/types\/post"}],"author":[{"embeddable":true,"href":"https:\/\/blogs.hoy.es\/migas-canas\/wp-json\/wp\/v2\/users\/10"}],"replies":[{"embeddable":true,"href":"https:\/\/blogs.hoy.es\/migas-canas\/wp-json\/wp\/v2\/comments?post=46"}],"version-history":[{"count":0,"href":"https:\/\/blogs.hoy.es\/migas-canas\/wp-json\/wp\/v2\/posts\/46\/revisions"}],"wp:attachment":[{"href":"https:\/\/blogs.hoy.es\/migas-canas\/wp-json\/wp\/v2\/media?parent=46"}],"wp:term":[{"taxonomy":"category","embeddable":true,"href":"https:\/\/blogs.hoy.es\/migas-canas\/wp-json\/wp\/v2\/categories?post=46"},{"taxonomy":"post_tag","embeddable":true,"href":"https:\/\/blogs.hoy.es\/migas-canas\/wp-json\/wp\/v2\/tags?post=46"}],"curies":[{"name":"wp","href":"https:\/\/api.w.org\/{rel}","templated":true}]}}