{"id":461,"date":"2014-06-11T09:30:29","date_gmt":"2014-06-11T08:30:29","guid":{"rendered":"http:\/\/blogs.hoy.es\/migas-canas\/?p=461"},"modified":"2014-06-11T09:30:29","modified_gmt":"2014-06-11T08:30:29","slug":"junio","status":"publish","type":"post","link":"https:\/\/blogs.hoy.es\/migas-canas\/2014\/06\/11\/junio\/","title":{"rendered":"JUNIO"},"content":{"rendered":"<div id=\"attachment_463\" style=\"width: 310px\" class=\"wp-caption aligncenter\"><a href=\"\/migas-canas\/wp-content\/uploads\/sites\/8\/2014\/06\/GUADIANA.jpg\"><img aria-describedby=\"caption-attachment-463\" loading=\"lazy\" class=\"size-medium wp-image-463\" title=\"isabel gallardo\" src=\"\/migas-canas\/wp-content\/uploads\/sites\/8\/2014\/06\/GUADIANA.jpg\" alt=\"isabel gallardo\" width=\"300\" height=\"190\" srcset=\"https:\/\/static-blogs.hoy.es\/wp-content\/uploads\/sites\/8\/2014\/06\/GUADIANA.jpg 2746w, https:\/\/static-blogs.hoy.es\/wp-content\/uploads\/sites\/8\/2014\/06\/GUADIANA-300x191.jpg 300w, https:\/\/static-blogs.hoy.es\/wp-content\/uploads\/sites\/8\/2014\/06\/GUADIANA-768x488.jpg 768w, https:\/\/static-blogs.hoy.es\/wp-content\/uploads\/sites\/8\/2014\/06\/GUADIANA-1024x651.jpg 1024w\" sizes=\"(max-width: 300px) 100vw, 300px\" \/><\/a><p id=\"caption-attachment-463\" class=\"wp-caption-text\">isabel gallardo<\/p><\/div>\n<p><strong>Cada mes huele a algo diferente<\/strong>. Junio huele a feria de San Juan, a albero, a examen fin de curso, a vacaciones escolares, a chicharra, a amarillo seco, a impuesto de rodaje, al IBI.<br \/>\n<strong>Junio huele a ma\u00f1ana soleada<\/strong>s, al placer de despertar con la caricia de un sol tibio que gira el encendido de las ganas de vivir poniendo en marcha el \u00e1nimo para lanzarlo a conquistar una ciudad ya conquistada, pero cada victoria es diferente, cada d\u00eda es distinto. El sol invita a contemplar su salida desde el puente viejo, se eleva por detr\u00e1s del castillo, de las murallas mientras disfrutamos de perfumes matutinos, pero todo no es perfecto, de vez en cuando pasa un se\u00f1or fumando o una se\u00f1ora camina impregnada en colonia como un penetrante insecticida anulando la pureza de la ma\u00f1ana en contraste con el frescor del amanecer, un impacto superior al del cubo pero sin denuncia. Ser\u00e1 que su reparaci\u00f3n no cuesta 800.000 euros, tanto vales tanta repercusi\u00f3n tienes.<\/p>\n<div id=\"attachment_464\" style=\"width: 159px\" class=\"wp-caption alignright\"><a href=\"\/migas-canas\/wp-content\/uploads\/sites\/8\/2014\/06\/atardecer.jpeg\"><img aria-describedby=\"caption-attachment-464\" loading=\"lazy\" class=\"size-full wp-image-464\" title=\"foto de internet\" src=\"\/migas-canas\/wp-content\/uploads\/sites\/8\/2014\/06\/atardecer.jpeg\" alt=\"foto de internet\" width=\"149\" height=\"93\" \/><\/a><p id=\"caption-attachment-464\" class=\"wp-caption-text\">foto de internet<\/p><\/div>\n<p><strong>En el Altozano huele a churros calentitos<\/strong>, en la Avenid Santa Marina a azahar .en la Plaza Alta a cante; En Cardenal Cisnero a trenes antiguos; en el Cerro de Reyes a alba\u00f1iles en paro; en la Avenida de Huelva a tartas reci\u00e9n hechas; en Carolina Coronada a fruta de la mata;en el campus universitario a Podemos; en la Avenida de Elvas a zapateira; En los pasajes de Juan Sebasti\u00e1n Elcano a pan reci\u00e9n hecho; en Mar\u00eda Auxiliadora a la voz del tapicero. Badajoz huele a pueblo venido a m\u00e1s a Ciudad peque\u00f1a, a tiza y pizarra, a la guarder\u00eda donde los ni\u00f1os ense\u00f1an a so\u00f1ar a sus maestras<strong>,(Lorena, Inma<\/strong> <strong>Nieves, Carolina<\/strong>) entre babet\u00e9s, pur\u00e9s y corro de la patata.<br \/>\n<strong>Junio huele a manga corta a ombligos al aire,<\/strong>a bicicleta de alquiler, a biceps de gimnasio, a sombreros de paja,cerveza de barril, veladores en la calle, cigarros de liar,y verde, mucho verde, y p\u00e1jaros muchos p\u00e1jaros que pian y revolotean sin cesar en noches como esta.Pap\u00e1 un gua gua y un pipi me dice, empleando la l\u00f3gica. Ella que todav\u00eda no conoce las trampas de la palabra. Ella que nunca enga\u00f1a y pide <a href=\"\/migas-canas\/wp-content\/uploads\/sites\/8\/2014\/06\/tobogan.jpg\"><img loading=\"lazy\" class=\"alignleft size-thumbnail wp-image-465\" title=\"tobogan\" src=\"\/migas-canas\/wp-content\/uploads\/sites\/8\/2014\/06\/tobogan.jpg\" alt=\"\" width=\"150\" height=\"150\" \/><\/a>la mano cuando quiere que le d\u00e9 la mano y no la cartera, y me da un beso cuando lo que quiere es solo darme un beso Junio, otro mes. Que r\u00e1pido crece la ni\u00f1a.Mientras unos corren hacia la vida otros nos sentamos a contar como pasa.<\/p>\n<!-- AddThis Advanced Settings generic via filter on the_content --><!-- AddThis Share Buttons generic via filter on the_content -->","protected":false},"excerpt":{"rendered":"<p>Cada mes huele a algo diferente. Junio huele a feria de San Juan, a albero, a examen fin de curso, a vacaciones escolares, a chicharra, a amarillo seco, a impuesto de rodaje, al IBI. Junio huele a ma\u00f1ana soleadas, al placer de despertar con la caricia de un sol tibio que gira el encendido de [&hellip;]<!-- AddThis Advanced Settings generic via filter on get_the_excerpt --><!-- AddThis Share Buttons generic via filter on get_the_excerpt --><\/p>\n","protected":false},"author":10,"featured_media":0,"comment_status":"open","ping_status":"closed","sticky":false,"template":"","format":"standard","meta":[],"categories":[2],"tags":[41,103,203,218,250,269,441,471,507,541,587,619,650,767,775,861,945,1067,1099],"_links":{"self":[{"href":"https:\/\/blogs.hoy.es\/migas-canas\/wp-json\/wp\/v2\/posts\/461"}],"collection":[{"href":"https:\/\/blogs.hoy.es\/migas-canas\/wp-json\/wp\/v2\/posts"}],"about":[{"href":"https:\/\/blogs.hoy.es\/migas-canas\/wp-json\/wp\/v2\/types\/post"}],"author":[{"embeddable":true,"href":"https:\/\/blogs.hoy.es\/migas-canas\/wp-json\/wp\/v2\/users\/10"}],"replies":[{"embeddable":true,"href":"https:\/\/blogs.hoy.es\/migas-canas\/wp-json\/wp\/v2\/comments?post=461"}],"version-history":[{"count":0,"href":"https:\/\/blogs.hoy.es\/migas-canas\/wp-json\/wp\/v2\/posts\/461\/revisions"}],"wp:attachment":[{"href":"https:\/\/blogs.hoy.es\/migas-canas\/wp-json\/wp\/v2\/media?parent=461"}],"wp:term":[{"taxonomy":"category","embeddable":true,"href":"https:\/\/blogs.hoy.es\/migas-canas\/wp-json\/wp\/v2\/categories?post=461"},{"taxonomy":"post_tag","embeddable":true,"href":"https:\/\/blogs.hoy.es\/migas-canas\/wp-json\/wp\/v2\/tags?post=461"}],"curies":[{"name":"wp","href":"https:\/\/api.w.org\/{rel}","templated":true}]}}