{"id":466,"date":"2014-06-19T08:33:52","date_gmt":"2014-06-19T07:33:52","guid":{"rendered":"http:\/\/blogs.hoy.es\/migas-canas\/?p=466"},"modified":"2014-06-19T08:33:52","modified_gmt":"2014-06-19T07:33:52","slug":"que-calor","status":"publish","type":"post","link":"https:\/\/blogs.hoy.es\/migas-canas\/2014\/06\/19\/que-calor\/","title":{"rendered":"\u00a1QUE CALOR!"},"content":{"rendered":"<p>&nbsp;<\/p>\n<div id=\"attachment_475\" style=\"width: 160px\" class=\"wp-caption aligncenter\"><a href=\"\/migas-canas\/wp-content\/uploads\/sites\/8\/2014\/06\/miguel-cacho.jpg\"><img aria-describedby=\"caption-attachment-475\" loading=\"lazy\" class=\" wp-image-475\" title=\"miguel cacho\" src=\"\/migas-canas\/wp-content\/uploads\/sites\/8\/2014\/06\/miguel-cacho.jpg\" alt=\"foto de Miguel Cacho\" width=\"150\" height=\"150\" \/><\/a><p id=\"caption-attachment-475\" class=\"wp-caption-text\">foto Miguel Cacho<\/p><\/div>\n<p><strong>Todos los a\u00f1os me coge a traici\u00f3n el so<\/strong>l. Me da una paliza que me deja grogui, como a un boxeador sonado. <strong>Me entran ganas de pedir traslado a Asturias o Galicia<\/strong>. No soy capaz de pensar, estoy bloqueado. Soporto\u00a0 con resignaci\u00f3n una ciudad ardiente que siempre me recuerda la sudorosa <strong>Comala de Juan Rulfo<\/strong>. El sol seca el verde\u00a0 mayo en dos d\u00edas. En verano estorba hasta ese cuerpo amado al que abrazamos en las noches de invierno. Los d\u00edas tienen m\u00e1s horas de luz pero no se pueden aprovechar. Somos esclavos de esa antorcha amarilla que arde encima de nuestras cabezas. Solamente se puede salir de noche como zombis aplanados. Todos los bares sacan veladores a la calle, hasta los que dan a una acera que linda con una carretera por donde pasan coches mezclando raciones, cervezas y humo de tubo de escape.<a href=\"\/migas-canas\/wp-content\/uploads\/sites\/8\/2014\/06\/SOL1.jpeg\"><img loading=\"lazy\" class=\"alignleft size-full wp-image-472\" title=\"SOL\" src=\"\/migas-canas\/wp-content\/uploads\/sites\/8\/2014\/06\/SOL1.jpeg\" alt=\"\" width=\"137\" height=\"103\" \/><\/a><a href=\"\/migas-canas\/wp-content\/uploads\/sites\/8\/2014\/06\/40-GRADOS2.jpeg\"><img loading=\"lazy\" class=\"alignright size-full wp-image-476\" title=\"40 GRADOS\" src=\"\/migas-canas\/wp-content\/uploads\/sites\/8\/2014\/06\/40-GRADOS2.jpeg\" alt=\"\" width=\"134\" height=\"115\" \/><\/a><\/p>\n<p><strong>\u00a1Que calor!<\/strong> No se que hacer. Doy vueltas de la cocina, al comedor. Las persianas bajadas. En la calle solo se oye la can\u00edcula que avanza desoladora, me ducho otra vez, pongo la televisi\u00f3n, cojo una revista <strong>\u201cAdi\u00f3s a esos dos kilos de m\u00e1<\/strong>s<strong>\u201d,dice una escualida se\u00f1orita con una zanahoria en la mano<\/strong> \u00bfdos kilos de m\u00e1s? Recuerdo que he visto, a las cinco de la tarde, a un hombre gordo corriendo por la avenida de Elvas, colorado,a punto de estallar,<strong> se mov\u00eda con la parsimonia de un elefante camino de su cementerio mientras le sal\u00eda el coraz\u00f3n y la vida por la boca.<\/strong> Cuando llega el verano, los que hemos pasado un invierno refugiados al calor de los suculentos guisos de la olla no podemos enflaquecer en dos d\u00edas y estar como un l\u00e1piz para la feria de San Juan.<strong> Quiz\u00e1s, si solo tuvi\u00e9ramos dos kilos de m\u00e1s, no ir\u00edamos sudando goterones por la call<\/strong>e, solo tendr\u00edamos la frente perlada, como los flacos. Cuando entro en cualquier local y me paro, arranca el sudor de mi frente gracias <strong>al magn\u00edfico invierno que he pasado entre pucheros<\/strong>. El d\u00eda avanza, pero lo peor esta por llegar, esas horas largas de sudoroso insomnio nocturno. Algunos fines de semana hay barrios que montan su feria con <a href=\"\/migas-canas\/wp-content\/uploads\/sites\/8\/2014\/06\/atardecer1.jpeg\"><img loading=\"lazy\" class=\"alignright size-full wp-image-473\" title=\"atardecer\" src=\"\/migas-canas\/wp-content\/uploads\/sites\/8\/2014\/06\/atardecer1.jpeg\" alt=\"\" width=\"149\" height=\"93\" \/><\/a>orquesta acentuando el fuego del verano nocturno al ritmo de Paquito el chocolatero que se agacha y se levanta sin descanso hasta las cuatro o las cinco de la ma\u00f1ana. <strong>Todav\u00eda hay algunos que llaman a esto buen tiempo.<\/strong><\/p>\n<!-- AddThis Advanced Settings generic via filter on the_content --><!-- AddThis Share Buttons generic via filter on the_content -->","protected":false},"excerpt":{"rendered":"<p>&nbsp; Todos los a\u00f1os me coge a traici\u00f3n el sol. Me da una paliza que me deja grogui, como a un boxeador sonado. Me entran ganas de pedir traslado a Asturias o Galicia. No soy capaz de pensar, estoy bloqueado. Soporto\u00a0 con resignaci\u00f3n una ciudad ardiente que siempre me recuerda la sudorosa Comala de Juan [&hellip;]<!-- AddThis Advanced Settings generic via filter on get_the_excerpt --><!-- AddThis Share Buttons generic via filter on get_the_excerpt --><\/p>\n","protected":false},"author":10,"featured_media":0,"comment_status":"open","ping_status":"closed","sticky":false,"template":"","format":"standard","meta":[],"categories":[2],"tags":[19,73,84,193,289,453,470,486,494,885,988,989],"_links":{"self":[{"href":"https:\/\/blogs.hoy.es\/migas-canas\/wp-json\/wp\/v2\/posts\/466"}],"collection":[{"href":"https:\/\/blogs.hoy.es\/migas-canas\/wp-json\/wp\/v2\/posts"}],"about":[{"href":"https:\/\/blogs.hoy.es\/migas-canas\/wp-json\/wp\/v2\/types\/post"}],"author":[{"embeddable":true,"href":"https:\/\/blogs.hoy.es\/migas-canas\/wp-json\/wp\/v2\/users\/10"}],"replies":[{"embeddable":true,"href":"https:\/\/blogs.hoy.es\/migas-canas\/wp-json\/wp\/v2\/comments?post=466"}],"version-history":[{"count":0,"href":"https:\/\/blogs.hoy.es\/migas-canas\/wp-json\/wp\/v2\/posts\/466\/revisions"}],"wp:attachment":[{"href":"https:\/\/blogs.hoy.es\/migas-canas\/wp-json\/wp\/v2\/media?parent=466"}],"wp:term":[{"taxonomy":"category","embeddable":true,"href":"https:\/\/blogs.hoy.es\/migas-canas\/wp-json\/wp\/v2\/categories?post=466"},{"taxonomy":"post_tag","embeddable":true,"href":"https:\/\/blogs.hoy.es\/migas-canas\/wp-json\/wp\/v2\/tags?post=466"}],"curies":[{"name":"wp","href":"https:\/\/api.w.org\/{rel}","templated":true}]}}