{"id":477,"date":"2014-07-01T07:51:21","date_gmt":"2014-07-01T06:51:21","guid":{"rendered":"http:\/\/blogs.hoy.es\/migas-canas\/?p=477"},"modified":"2014-07-01T07:51:21","modified_gmt":"2014-07-01T06:51:21","slug":"24-de-junio","status":"publish","type":"post","link":"https:\/\/blogs.hoy.es\/migas-canas\/2014\/07\/01\/24-de-junio\/","title":{"rendered":"24 DE JUNIO"},"content":{"rendered":"<p><a href=\"\/migas-canas\/wp-content\/uploads\/sites\/8\/2014\/07\/IMG11491.jpg\"><img loading=\"lazy\" class=\"aligncenter size-medium wp-image-482\" title=\"IMG1149\" src=\"\/migas-canas\/wp-content\/uploads\/sites\/8\/2014\/07\/IMG11491.jpg\" alt=\"\" width=\"300\" height=\"225\" srcset=\"https:\/\/static-blogs.hoy.es\/wp-content\/uploads\/sites\/8\/2014\/07\/IMG11491.jpg 2048w, https:\/\/static-blogs.hoy.es\/wp-content\/uploads\/sites\/8\/2014\/07\/IMG11491-300x225.jpg 300w, https:\/\/static-blogs.hoy.es\/wp-content\/uploads\/sites\/8\/2014\/07\/IMG11491-768x576.jpg 768w, https:\/\/static-blogs.hoy.es\/wp-content\/uploads\/sites\/8\/2014\/07\/IMG11491-1024x768.jpg 1024w\" sizes=\"(max-width: 300px) 100vw, 300px\" \/><\/a><strong>24 de junio. 8 de la ma\u00f1ana. Festivo en Badajoz<\/strong>. Igual que otros festivos camino con ropa de deporte por la<strong> Avenida de Elvas<\/strong>. Ning\u00fan d\u00eda es igual a otro, este menos. Me encuentro a muchos j\u00f3venes con edad de haber estado en el famoso examen \u201c\u00bfComo convencer\u00edas a un amigo de no votar a Podemos?\u201d De frente viene un grup<strong>o. Ellos con la camiseta quitada, ellas con los zapatos en la mano<\/strong>, tambale\u00e1ndose, andando despacio, algunos llevan el vaso lleno. Los municipales pasan con la sirena puesta. Los del cami\u00f3n de la gr\u00faa llevan una moto. Un hombre de unos 60 a\u00f1os, con camiseta de tirantes, brazos dibujados con burdos tatuajes, viene con un pastor alem\u00e1n atado con una cuerda, <strong>dice con voz pastosa \u201cvoy de recogida maestro\u201dy me da la mano.<\/strong> Los taxis pasan veloces en un sentido y otro, vac\u00edos y llenos, el autob\u00fas abarrotado, a rebosar. no cabe nadie m\u00e1s. Hay d\u00edas que cambia el paisaje de tu rutina y abre los ojos expectante a lo nuevo. La curiosidad me hace meterme en el ferial,en las tripas de un jolgorio <a href=\"\/migas-canas\/wp-content\/uploads\/sites\/8\/2014\/07\/FERIA.jpg\"><img loading=\"lazy\" class=\"alignright size-thumbnail wp-image-480\" title=\"FERIA\" src=\"\/migas-canas\/wp-content\/uploads\/sites\/8\/2014\/07\/FERIA.jpg\" alt=\"\" width=\"150\" height=\"150\" \/><\/a>agonizante, paso <strong>por IFEBA, por los caballos, por el puesto de los municipales, por la Cruz Roja<\/strong>, todav\u00eda hay muchachos bailando;una chica aguanta con los tacones puestos;en un coche tuneado una pareja se besa vestido. Sigo caminando, cada vez m\u00e1s alejado del ruido, entre un fuerte olor a orina.<strong> Llego el silencio de una feria acabada<\/strong>; los cacharritos parados;la noria de los ponys tristes, sin ponys. Las caravanas de los feriantes se agrupan a la derecha en un desorden ordenado, caravanas grandes y elegantes junto a roulots humildes. Se oye un silencio casi f\u00fanebre;un olor a alcohol rancio, un perro bebe de un charco, paso por la portada que imita la fachada del Ayuntamiento, cientos de bombillas apagadas, los hombres de verde se afanan en recoger todo el pl\u00e1stico tirado en el suelo.<br \/>\n<a href=\"\/migas-canas\/wp-content\/uploads\/sites\/8\/2014\/07\/FERIA-11.jpg\"><img loading=\"lazy\" class=\"alignleft size-thumbnail wp-image-483\" title=\"FERIA 1\" src=\"\/migas-canas\/wp-content\/uploads\/sites\/8\/2014\/07\/FERIA-11.jpg\" alt=\"\" width=\"150\" height=\"150\" \/><\/a><strong>La t\u00f3mbola del Ma\u00f1o,la churrer\u00eda Pern\u00eda y el circo Alaska<\/strong> con los toldos echados. J\u00f3venes sentados esperan el autob\u00fas o el equilibrio. Frente a IFEBA, con los altavoces de los coches al m\u00e1ximo volumen, se sigue bebiendo y bailando. A la vuelta me encuentro con m\u00e1s,vuelven andando como zombis cogidos por la luz. Uno saca la cabeza por la barandilla, vomita, las parejas discuten, veo caras tristes derrotadas por el alcohol y, no se porque, <strong>me entra una extra\u00f1a tristeza, como desolaci\u00f3n, me deprime ver a tanto joven borracho. Suena una sirena, aprieto el paso, quiz\u00e1s venga a por mi, soy el diferente.<\/strong><\/p>\n<!-- AddThis Advanced Settings generic via filter on the_content --><!-- AddThis Share Buttons generic via filter on the_content -->","protected":false},"excerpt":{"rendered":"<p>24 de junio. 8 de la ma\u00f1ana. Festivo en Badajoz. Igual que otros festivos camino con ropa de deporte por la Avenida de Elvas. Ning\u00fan d\u00eda es igual a otro, este menos. Me encuentro a muchos j\u00f3venes con edad de haber estado en el famoso examen \u201c\u00bfComo convencer\u00edas a un amigo de no votar a [&hellip;]<!-- AddThis Advanced Settings generic via filter on get_the_excerpt --><!-- AddThis Share Buttons generic via filter on get_the_excerpt --><\/p>\n","protected":false},"author":10,"featured_media":0,"comment_status":"open","ping_status":"closed","sticky":false,"template":"","format":"standard","meta":[],"categories":[2],"tags":[8,31,81,87,165,176,197,228,270,275,325,441,533,757,864,867,929,976,998,1007,1027],"_links":{"self":[{"href":"https:\/\/blogs.hoy.es\/migas-canas\/wp-json\/wp\/v2\/posts\/477"}],"collection":[{"href":"https:\/\/blogs.hoy.es\/migas-canas\/wp-json\/wp\/v2\/posts"}],"about":[{"href":"https:\/\/blogs.hoy.es\/migas-canas\/wp-json\/wp\/v2\/types\/post"}],"author":[{"embeddable":true,"href":"https:\/\/blogs.hoy.es\/migas-canas\/wp-json\/wp\/v2\/users\/10"}],"replies":[{"embeddable":true,"href":"https:\/\/blogs.hoy.es\/migas-canas\/wp-json\/wp\/v2\/comments?post=477"}],"version-history":[{"count":0,"href":"https:\/\/blogs.hoy.es\/migas-canas\/wp-json\/wp\/v2\/posts\/477\/revisions"}],"wp:attachment":[{"href":"https:\/\/blogs.hoy.es\/migas-canas\/wp-json\/wp\/v2\/media?parent=477"}],"wp:term":[{"taxonomy":"category","embeddable":true,"href":"https:\/\/blogs.hoy.es\/migas-canas\/wp-json\/wp\/v2\/categories?post=477"},{"taxonomy":"post_tag","embeddable":true,"href":"https:\/\/blogs.hoy.es\/migas-canas\/wp-json\/wp\/v2\/tags?post=477"}],"curies":[{"name":"wp","href":"https:\/\/api.w.org\/{rel}","templated":true}]}}