{"id":49,"date":"2011-05-28T08:43:00","date_gmt":"2011-05-28T08:43:00","guid":{"rendered":"http:\/\/blogs.hoy.es\/migas-canas\/?p=49"},"modified":"2011-05-28T08:43:00","modified_gmt":"2011-05-28T08:43:00","slug":"los-lunes-al-sol","status":"publish","type":"post","link":"https:\/\/blogs.hoy.es\/migas-canas\/2011\/05\/28\/los-lunes-al-sol\/","title":{"rendered":"LOS LUNES AL SOL"},"content":{"rendered":"<p>ES una tentaci\u00f3n para los que nos gusta escribir hacerlo sobre lo que est\u00e1 pasando con &#8216;los indignados&#8217; que se re\u00fanen para no vivir como indigentes. Es dif\u00edcil contar algo porque, a estas alturas, cuando escribo esto, despu\u00e9s de interesarme por el tema y de leer varios peri\u00f3dicos, a\u00fan desconozco sus propuestas. Algunos quieren que de esto salga un partido pol\u00edtico y otros desean todo lo contrario. Me gusta y nos gusta a todos que la generaci\u00f3n mejor preparada acampe en la Puerta del Sol, de Madrid. Ya era hora de que gente en paro, a pesar de tener dos carreras y varios m\u00e1steres, y entre la que los m\u00e1s afortunados trabajan como camareros los fines de semana, salgan a la calle para dejarse o\u00edr, para decir que est\u00e1n ah\u00ed. Ya era hora de que los j\u00f3venes tengan sitio en una sociedad que no es capaz de salir del atolladero en el que nos han metido un sistema injusto de hipotecas de por vida y complejos sistemas bancarios y econ\u00f3micos. Cuando mejor debi\u00e9ramos vivir, cuando m\u00e1s cosas tenemos para facilitarnos la vida peor lo estamos pasando.<br \/>\nLos de siempre quieren seguir haci\u00e9ndonos creer que esto es la sociedad del bienestar. Para ellos, todav\u00eda vivimos en un pasado reciente de pueblo donde el bienestar consiste en tener la libertad de salir en verano a tomar el fresco sentados en una silla a la puerta de las casas, con un vaso de gazpacho fresco para contar chistes y chismes, mientras los que nos vendieron las casas, los que nos prestaron el dinero para poder comprarlas y los que lo consintieron viven a cuerpo de rey, o sea, igual que \u00e9l, rodeado de la belleza y placeres que hay en su mundo y que los dem\u00e1s desconocemos.<br \/>\nSi alguien no quiere rendirse al poder o a sus braguetas lo toman por la fuerza: esto quiero, esto tomo. Con autoridad, que para algo presiden el manejo del dinero. Luego vendr\u00e1n los atenuantes de adicci\u00f3n al sexo o al &#8216;vegasicilia&#8217;, igual que los pobres la tiene al cart\u00f3n de vino y las piernas con varices de mujeres que se han pasado la vida luchado de pie por su dignidad. Todav\u00eda no sabemos que quieren esos j\u00f3venes que acampan en las plazas entre carteles y mensajes de indignaci\u00f3n. A nosotros, los que somos un poco m\u00e1s mayores, nos hacen j\u00f3venes en un ejercicio de evocaci\u00f3n de aquellos a\u00f1os de carreras delante de &#8216;los grises&#8217;, cuando todos \u00e9ramos de izquierda y nos llamaban &#8216;rojos&#8217;. Recordamos al cojo manteca rompiendo a muletazos los astifinos cuernos de un sistema que todav\u00eda ol\u00eda a la dictadura.<br \/>\nA nosotros, el 15M nos hace recordar el sabor de un pasado no muy lejano y que, desgraciadamente, hemos olvidado. Ellos est\u00e1n viviendo la ilusi\u00f3n de un porvenir que seguir\u00e1 siendo incierto, hasta que dentro de unos a\u00f1os controlen el poder y caigan en lo mismo errores que han ca\u00eddo los que hace unos a\u00f1os corr\u00edan con largas melenas y abundantes barbas huyendo de los mamporros de unos polic\u00edas, tan borreguiles que hasta el color gris de sus uniformes era triste. Los j\u00f3venes &#8216;indignados&#8217; est\u00e1n reunidos; ya han salido de casa, ya se han juntado, parece que tambi\u00e9n est\u00e1n unidos. La sociedad esta expectante. Todos estamos esperando, de la generaci\u00f3n mejor preparada, respuestas y soluciones a un sistema econ\u00f3mico y social que se agota en las injusticia de siempre. Hay m\u00e1s dinero, pero est\u00e1 en unas pocas manos que, adem\u00e1s, no dispuestas a repartir, que manejan palabras extra\u00f1as para esconder los euros y que no entendemos los que, para nuestra desgracia econ\u00f3mica, elegimos gozar con las letras y despreocuparnos de los n\u00fameros.<br \/>\nLuchad por  la justicia m\u00e1s que por la prosperidad econ\u00f3mica.<\/p>\n<!-- AddThis Advanced Settings generic via filter on the_content --><!-- AddThis Share Buttons generic via filter on the_content -->","protected":false},"excerpt":{"rendered":"<p>ES una tentaci\u00f3n para los que nos gusta escribir hacerlo sobre lo que est\u00e1 pasando con &#8216;los indignados&#8217; que se re\u00fanen para no vivir como indigentes. Es dif\u00edcil contar algo porque, a estas alturas, cuando escribo esto, despu\u00e9s de interesarme por el tema y de leer varios peri\u00f3dicos, a\u00fan desconozco sus propuestas. Algunos quieren que [&hellip;]<!-- AddThis Advanced Settings generic via filter on get_the_excerpt --><!-- AddThis Share Buttons generic via filter on get_the_excerpt --><\/p>\n","protected":false},"author":10,"featured_media":0,"comment_status":"open","ping_status":"closed","sticky":false,"template":"","format":"standard","meta":[],"categories":[4],"tags":[],"_links":{"self":[{"href":"https:\/\/blogs.hoy.es\/migas-canas\/wp-json\/wp\/v2\/posts\/49"}],"collection":[{"href":"https:\/\/blogs.hoy.es\/migas-canas\/wp-json\/wp\/v2\/posts"}],"about":[{"href":"https:\/\/blogs.hoy.es\/migas-canas\/wp-json\/wp\/v2\/types\/post"}],"author":[{"embeddable":true,"href":"https:\/\/blogs.hoy.es\/migas-canas\/wp-json\/wp\/v2\/users\/10"}],"replies":[{"embeddable":true,"href":"https:\/\/blogs.hoy.es\/migas-canas\/wp-json\/wp\/v2\/comments?post=49"}],"version-history":[{"count":0,"href":"https:\/\/blogs.hoy.es\/migas-canas\/wp-json\/wp\/v2\/posts\/49\/revisions"}],"wp:attachment":[{"href":"https:\/\/blogs.hoy.es\/migas-canas\/wp-json\/wp\/v2\/media?parent=49"}],"wp:term":[{"taxonomy":"category","embeddable":true,"href":"https:\/\/blogs.hoy.es\/migas-canas\/wp-json\/wp\/v2\/categories?post=49"},{"taxonomy":"post_tag","embeddable":true,"href":"https:\/\/blogs.hoy.es\/migas-canas\/wp-json\/wp\/v2\/tags?post=49"}],"curies":[{"name":"wp","href":"https:\/\/api.w.org\/{rel}","templated":true}]}}