{"id":490,"date":"2014-07-16T07:30:54","date_gmt":"2014-07-16T06:30:54","guid":{"rendered":"http:\/\/blogs.hoy.es\/migas-canas\/?p=490"},"modified":"2014-07-16T07:30:54","modified_gmt":"2014-07-16T06:30:54","slug":"manias-del-lenguaje-frases-hechas","status":"publish","type":"post","link":"https:\/\/blogs.hoy.es\/migas-canas\/2014\/07\/16\/manias-del-lenguaje-frases-hechas\/","title":{"rendered":"MANIAS DEL LENGUAJE, FRASES HECHAS"},"content":{"rendered":"<p><strong><a href=\"\/migas-canas\/wp-content\/uploads\/sites\/8\/2014\/07\/frases.jpeg\"><img loading=\"lazy\" class=\"aligncenter size-full wp-image-494\" title=\"frases\" src=\"\/migas-canas\/wp-content\/uploads\/sites\/8\/2014\/07\/frases.jpeg\" alt=\"\" width=\"116\" height=\"77\" \/><\/a>\u201cPienso que la piel tiene memoria<\/strong>\u201d dice con solemnidad una chica tatuada con flores y serpientes de colores mientras toma caf\u00e9 sentada en la banqueta de un bar. \u201c Pienso\u201d. Como si ella hubiera sido la cient\u00edfica descubridora de que la piel tiene memoria, me entran ganas de meterme en la conversaci\u00f3n y contestar, tambi\u00e9n con solemnidad, yo pienso que todo cuerpo sumergido en un l\u00edquido experimenta un&#8230;. y quedarme tan pancho.<\/p>\n<p><strong><a href=\"\/migas-canas\/wp-content\/uploads\/sites\/8\/2014\/07\/frases-hechas1.jpeg\"><img loading=\"lazy\" class=\"alignleft size-full wp-image-495\" title=\"frases hechas\" src=\"\/migas-canas\/wp-content\/uploads\/sites\/8\/2014\/07\/frases-hechas1.jpeg\" alt=\"\" width=\"90\" height=\"135\" \/><\/a>\u201cEs chica<\/strong>\u201d dice una joven en una tienda de barrio referido a la que se nos viene encima, ese \u201cEs chica\u201d es lo que m\u00e1s detesto, creo que incluso m\u00e1s que aquella famosa pregunta de<strong> \u00bfvale?<\/strong> y que surgi\u00f3 de j\u00f3venes inform\u00e1ticos de coletas y ropa desali\u00f1ada que nos explicaban con descaro el funcionamiento del rat\u00f3n cuando no ten\u00edamos ni idea de sus movimientos. J\u00f3venes inform\u00e1ticos daban lecciones utilizando el \u00bfvale? Contest\u00e1bamos acobardados, moviendo la cabeza, sin voz, boquiabiertos. Con el tiempo le fuimos cogiendo el tranquillo y todo fue m\u00e1s f\u00e1cil, dejamos el l\u00e1piz y la goma. No nos qued\u00f3 m\u00e1s remedio que manejar el ordenador <strong>\u201csi o si<\/strong>\u201d. Aquel \u00bfvale? Ha sido lo que ha hecho sentirme m\u00e1s lelo en mi trabajo y que sustituyo en mi escala de man\u00edas <strong>a \u201cun poquito de por favor\u201d<\/strong>. Frase hechas que utilizan los que no tienen nada que decir.<\/p>\n<p>\u201cYo no se muchas cosas es verdad digo tan solo lo que he o\u00eddo\u201d, quieto que se me va la cabeza a Leon Felipe he o\u00eddo: es chica, \u00bfvale?, pienso que la piel tiene memoria y tambi\u00e9n<\/p>\n<p>guapo no, lo siguiente y he escuchado a pol\u00edticos que ahora est\u00e1n con la puerta giratoria, como antes estuvieron con poner el ventilador y antes con palos en las ruedas, entre ellos la frase estrella es: \u201ccomo no pod\u00eda ser de otra manera\u201d, de los pol\u00edticos no me gusta escribir que luego me ponen verde , ellos no, que no me conocen, pero si los que, (emplear\u00e9 un verbo suave), los justifican.<a href=\"\/migas-canas\/wp-content\/uploads\/sites\/8\/2014\/07\/frases-de-novio.jpeg\"><img loading=\"lazy\" class=\"alignright size-full wp-image-496\" title=\"frases de novio\" src=\"\/migas-canas\/wp-content\/uploads\/sites\/8\/2014\/07\/frases-de-novio.jpeg\" alt=\"\" width=\"137\" height=\"121\" \/><\/a><\/p>\n<p>Y que me dicen de ese \u201cya te vale\u201d que desde que me lo dijo una amiga a la que he idolatrado toda la vida se me desmitifico el mito para siempre.<\/p>\n<p>Frases hechas que est\u00e1n de moda un tiempo y desaparecen, por eso, quiz\u00e1s, la peor es una que siempre ha estado pr\u00f3xima a mi \u201c<strong>solo te quiero como<\/strong> <strong>amigo<\/strong>\u201d y que comparte p\u00f3dium con el temido <strong>\u201ctenemos que hablar\u201d<\/strong>.<\/p>\n<p>&nbsp;<\/p>\n<!-- AddThis Advanced Settings generic via filter on the_content --><!-- AddThis Share Buttons generic via filter on the_content -->","protected":false},"excerpt":{"rendered":"<p>\u201cPienso que la piel tiene memoria\u201d dice con solemnidad una chica tatuada con flores y serpientes de colores mientras toma caf\u00e9 sentada en la banqueta de un bar. \u201c Pienso\u201d. Como si ella hubiera sido la cient\u00edfica descubridora de que la piel tiene memoria, me entran ganas de meterme en la conversaci\u00f3n y contestar, tambi\u00e9n [&hellip;]<!-- AddThis Advanced Settings generic via filter on get_the_excerpt --><!-- AddThis Share Buttons generic via filter on get_the_excerpt --><\/p>\n","protected":false},"author":10,"featured_media":0,"comment_status":"open","ping_status":"closed","sticky":false,"template":"","format":"standard","meta":[],"categories":[2],"tags":[164,413,609,968,982,1011,1043,1103],"_links":{"self":[{"href":"https:\/\/blogs.hoy.es\/migas-canas\/wp-json\/wp\/v2\/posts\/490"}],"collection":[{"href":"https:\/\/blogs.hoy.es\/migas-canas\/wp-json\/wp\/v2\/posts"}],"about":[{"href":"https:\/\/blogs.hoy.es\/migas-canas\/wp-json\/wp\/v2\/types\/post"}],"author":[{"embeddable":true,"href":"https:\/\/blogs.hoy.es\/migas-canas\/wp-json\/wp\/v2\/users\/10"}],"replies":[{"embeddable":true,"href":"https:\/\/blogs.hoy.es\/migas-canas\/wp-json\/wp\/v2\/comments?post=490"}],"version-history":[{"count":0,"href":"https:\/\/blogs.hoy.es\/migas-canas\/wp-json\/wp\/v2\/posts\/490\/revisions"}],"wp:attachment":[{"href":"https:\/\/blogs.hoy.es\/migas-canas\/wp-json\/wp\/v2\/media?parent=490"}],"wp:term":[{"taxonomy":"category","embeddable":true,"href":"https:\/\/blogs.hoy.es\/migas-canas\/wp-json\/wp\/v2\/categories?post=490"},{"taxonomy":"post_tag","embeddable":true,"href":"https:\/\/blogs.hoy.es\/migas-canas\/wp-json\/wp\/v2\/tags?post=490"}],"curies":[{"name":"wp","href":"https:\/\/api.w.org\/{rel}","templated":true}]}}