{"id":497,"date":"2014-07-30T07:28:05","date_gmt":"2014-07-30T06:28:05","guid":{"rendered":"http:\/\/blogs.hoy.es\/migas-canas\/?p=497"},"modified":"2014-07-30T07:28:05","modified_gmt":"2014-07-30T06:28:05","slug":"hortelana-generosa","status":"publish","type":"post","link":"https:\/\/blogs.hoy.es\/migas-canas\/2014\/07\/30\/hortelana-generosa\/","title":{"rendered":"HORTELANA GENEROSA"},"content":{"rendered":"<p><a href=\"\/migas-canas\/wp-content\/uploads\/sites\/8\/2014\/07\/HORTELANA-2.jpg\"><img loading=\"lazy\" class=\"aligncenter size-medium wp-image-499\" title=\"HORTELANA 2\" src=\"\/migas-canas\/wp-content\/uploads\/sites\/8\/2014\/07\/HORTELANA-2.jpg\" alt=\"\" width=\"225\" height=\"300\" srcset=\"https:\/\/static-blogs.hoy.es\/wp-content\/uploads\/sites\/8\/2014\/07\/HORTELANA-2.jpg 600w, https:\/\/static-blogs.hoy.es\/wp-content\/uploads\/sites\/8\/2014\/07\/HORTELANA-2-225x300.jpg 225w\" sizes=\"(max-width: 225px) 100vw, 225px\" \/><\/a><strong>Es cocinera, modista, madre, esposa pero yo la conozco por ser hortelana<\/strong>. Hace milagros con semillas, agua y cari\u00f1o, mucho cari\u00f1o. Quita la hierba, prepara la tierra, siembra y riega hasta que nacen<strong> calabacines que saben a calabacine<\/strong>s, jud\u00edas verdes, tomates&#8230;<strong>todo brota con la nostalgia de sabores antiguos.<\/strong> Tiene gallinas, sus huevos<strong> hacen tortillas de un amarillo desconocido para los que compramos en los supermercado<\/strong>s. Se llama Mar\u00eda y con frecuencia me regala alguno de los productos de su huerto. Dice que <strong>lo que da la tierra es un regalo de la tierra y hay que compartirlo con la gente que se quiere<\/strong>. Su calendario no est\u00e1 marcado con d\u00edas de vacaciones, es un calendario sin fiestas porque en el campo todos los d\u00edas son una fiesta. Su tiempo es distintos al nuestro.<strong> <\/strong><\/p>\n<p><strong><a href=\"\/migas-canas\/wp-content\/uploads\/sites\/8\/2014\/07\/HORTELANA-31.jpg\"><img loading=\"lazy\" class=\"alignleft size-thumbnail wp-image-504\" title=\"HORTELANA 3\" src=\"\/migas-canas\/wp-content\/uploads\/sites\/8\/2014\/07\/HORTELANA-31.jpg\" alt=\"\" width=\"150\" height=\"150\" \/><\/a>Ellas se gu\u00eda por la siega la siembra y la recolecci\u00f3n que vienen marcados por el sol y la luna, por las lluvias y las helada<\/strong>s. Cuando est\u00e1 en Badajoz piensa en volver a su parcela para o\u00edr crecer la hierba, mirar las estrellas,respirar el aire limpio del campo y sentir como el viento mece las hojas de \u00e1rboles, en esos momentos se olvida de coches, bocinas, ruidos, humos y las prisa de la ciudad. <strong>Su vida es la naturaleza. Hace tiempo que dej\u00f3 de irritarse porque los mandatarios se salten las incompatibilidades, porque no pague los pr\u00e9stamos, porque el mundo lo dirijan quienes lo dirigen, quiz\u00e1s, por eso, ama el campo<\/strong>. Se siente afortunada por poder hacer lo que quiere y para eso no necesita mucho.<br \/>\n<strong>Dice que es vegetariana y siempre tiene una sonrisa para ofrecerte<\/strong>,como un rayo de sol permanente. Tiene la calma de la naturaleza, la paciencia de la que se sienta a ver como crece una sand\u00eda igual que una futura madre mira como va creciendo su barriga. En su huerta nada se repite, cada d\u00eda el sol es nuevo,cada ma\u00f1ana es \u00fanica y la vive como si fuera la primera. La sand\u00eda crece enredada en la mata <a href=\"\/migas-canas\/wp-content\/uploads\/sites\/8\/2014\/07\/HORTELANA4.jpg\"><img loading=\"lazy\" class=\"alignright size-medium wp-image-506\" title=\"HORTELANA\" src=\"\/migas-canas\/wp-content\/uploads\/sites\/8\/2014\/07\/HORTELANA4.jpg\" alt=\"\" width=\"225\" height=\"300\" srcset=\"https:\/\/static-blogs.hoy.es\/wp-content\/uploads\/sites\/8\/2014\/07\/HORTELANA4.jpg 600w, https:\/\/static-blogs.hoy.es\/wp-content\/uploads\/sites\/8\/2014\/07\/HORTELANA4-225x300.jpg 225w\" sizes=\"(max-width: 225px) 100vw, 225px\" \/><\/a>salpicadas de manchas diferentes hoy que ayer. <strong>Sentada a la sobra de la higuera oye como cantan los p\u00e1jaros y ve como baja el agua por el arroyo con su hilo de vida que hace crecer las ra\u00edces de los \u00e1rboles y las suyas que la unen cada vez a la tierra.<\/strong><\/p>\n<!-- AddThis Advanced Settings generic via filter on the_content --><!-- AddThis Share Buttons generic via filter on the_content -->","protected":false},"excerpt":{"rendered":"<p>Es cocinera, modista, madre, esposa pero yo la conozco por ser hortelana. Hace milagros con semillas, agua y cari\u00f1o, mucho cari\u00f1o. Quita la hierba, prepara la tierra, siembra y riega hasta que nacen calabacines que saben a calabacines, jud\u00edas verdes, tomates&#8230;todo brota con la nostalgia de sabores antiguos. Tiene gallinas, sus huevos hacen tortillas de [&hellip;]<!-- AddThis Advanced Settings generic via filter on get_the_excerpt --><!-- AddThis Share Buttons generic via filter on get_the_excerpt --><\/p>\n","protected":false},"author":10,"featured_media":0,"comment_status":"open","ping_status":"closed","sticky":false,"template":"","format":"standard","meta":[],"categories":[2],"tags":[21,183,484,519,526,530,717,948,1016,1024],"_links":{"self":[{"href":"https:\/\/blogs.hoy.es\/migas-canas\/wp-json\/wp\/v2\/posts\/497"}],"collection":[{"href":"https:\/\/blogs.hoy.es\/migas-canas\/wp-json\/wp\/v2\/posts"}],"about":[{"href":"https:\/\/blogs.hoy.es\/migas-canas\/wp-json\/wp\/v2\/types\/post"}],"author":[{"embeddable":true,"href":"https:\/\/blogs.hoy.es\/migas-canas\/wp-json\/wp\/v2\/users\/10"}],"replies":[{"embeddable":true,"href":"https:\/\/blogs.hoy.es\/migas-canas\/wp-json\/wp\/v2\/comments?post=497"}],"version-history":[{"count":0,"href":"https:\/\/blogs.hoy.es\/migas-canas\/wp-json\/wp\/v2\/posts\/497\/revisions"}],"wp:attachment":[{"href":"https:\/\/blogs.hoy.es\/migas-canas\/wp-json\/wp\/v2\/media?parent=497"}],"wp:term":[{"taxonomy":"category","embeddable":true,"href":"https:\/\/blogs.hoy.es\/migas-canas\/wp-json\/wp\/v2\/categories?post=497"},{"taxonomy":"post_tag","embeddable":true,"href":"https:\/\/blogs.hoy.es\/migas-canas\/wp-json\/wp\/v2\/tags?post=497"}],"curies":[{"name":"wp","href":"https:\/\/api.w.org\/{rel}","templated":true}]}}