{"id":510,"date":"2014-08-13T16:15:57","date_gmt":"2014-08-13T15:15:57","guid":{"rendered":"http:\/\/blogs.hoy.es\/migas-canas\/?p=510"},"modified":"2014-08-13T16:15:57","modified_gmt":"2014-08-13T15:15:57","slug":"agosto-mes-de-nostalgias","status":"publish","type":"post","link":"https:\/\/blogs.hoy.es\/migas-canas\/2014\/08\/13\/agosto-mes-de-nostalgias\/","title":{"rendered":"AGOSTO. MES DE NOSTALGIAS."},"content":{"rendered":"<p><strong><a href=\"\/migas-canas\/wp-content\/uploads\/sites\/8\/2014\/08\/guadinana.jpeg\"><img loading=\"lazy\" class=\"aligncenter size-full wp-image-512\" title=\"guadinana\" src=\"\/migas-canas\/wp-content\/uploads\/sites\/8\/2014\/08\/guadinana.jpeg\" alt=\"\" width=\"130\" height=\"103\" \/><\/a>Quiz\u00e1s las vacaciones de verano me produzca m\u00e1s nostalgia que las de navida<\/strong>d. Agosto siempre me lleva al pasado. Cuando me siento en el sill\u00f3n de casa con la mente alejada de pensamientos laborales, cuando vivo sin reloj con la \u00fanica preocupaci\u00f3n de hacer una buena selecci\u00f3n para ver que libro me llevo al alma siento nostalgia de aquellas ma\u00f1anas de verano que pasaba en el rio, en el embarcadero. All\u00ed jugaba incansablemente al f\u00fatbol, despu\u00e9s corr\u00eda por la hierba, me met\u00eda en el agua y nadaba hasta la otra orilla. <strong>De vez en cuando llegaban los gigantes del baloncesto entrenado por ese superdotado del deporte, Manolo Union<\/strong>, cuantos homenaje abr\u00eda recibido si no viviera en Badajoz, Dirigidos por Lolo los baloncentistas hac\u00edan ejercicios desconocidos para nosotros. Los mir\u00e1bamos como bichos raros,no pertenec\u00edan a nuestro mundo. Igual que ven\u00edan <strong>se iban, educados , con su trote de animales mitol\u00f3gicos<\/strong>.<a href=\"\/migas-canas\/wp-content\/uploads\/sites\/8\/2014\/08\/baloncesto.jpeg\"><img loading=\"lazy\" class=\"alignright size-full wp-image-513\" title=\"baloncesto\" src=\"\/migas-canas\/wp-content\/uploads\/sites\/8\/2014\/08\/baloncesto.jpeg\" alt=\"\" width=\"124\" height=\"129\" \/><\/a><\/p>\n<p><strong>Entonces todo regresaba a la normalidad, el ambiente se volv\u00eda a llenar con lenguaje futbolero de me cago en&#8230; y la madre que te \u2026<\/strong> Por la noches los ve\u00eda duchaditos y arreglados con sus polos fred perry hablando con las chicas mas guapas en la puerta del pub la mosca, esas chicas que nunca ser\u00edan para nosotros porque hab\u00edamos elegido el mundo macarra del f\u00fatbol. <strong>Se\u00f1oritas inalcanzables de largas piernas que se re\u00edan junto con esos gigantes del baloncestos mostrando una dentadura perfecta mientras mov\u00edan sus largas y sedosas melenas con pretensiones de ser princesas<\/strong>. Luego la vida es la vida y algunas no supieron sacar todo el partido a su wonderbran y terminaron en barrios marginales luciendo unos <a href=\"\/migas-canas\/wp-content\/uploads\/sites\/8\/2014\/08\/manolo-aunion.jpeg\"><img loading=\"lazy\" class=\"alignleft size-full wp-image-514\" title=\"manolo aunion\" src=\"\/migas-canas\/wp-content\/uploads\/sites\/8\/2014\/08\/manolo-aunion.jpeg\" alt=\"\" width=\"85\" height=\"137\" \/><\/a>michelines de abandono y frustraci\u00f3n o cobrando con la misma sonrisa pero mas forzada y unos cuantos kilos de m\u00e1s en los cajeros de alg\u00fan supermercado de barrio. <strong>Tengo a\u00f1oranza de aquellos veranos ahora que ya no se si soy joven o mayor<\/strong> y hoy igual que ayer todav\u00eda no se cual ser\u00e1 mi futuro. Nostalgias. <strong>Nostalgia en verano, en Navidad en Semana Santa, nostalgia siempre que las vacaciones dan una tregua a mis rutina.<\/strong> nostalgia por que ya no se vivir con la inocencia de la juventud, porque ya nunca ser\u00e9 futbolista,porque la morena de la puerta del pub que cada a\u00f1o es distinta y siempre la misma tampoco este verano se fijara en mi porque el rio ya no ser\u00e1 mi rio y<strong> porque no se como empezar ese libro de p\u00e1ginas en blanco que siempre dejo para Agosto.<\/strong><\/p>\n<!-- AddThis Advanced Settings generic via filter on the_content --><!-- AddThis Share Buttons generic via filter on the_content -->","protected":false},"excerpt":{"rendered":"<p>Quiz\u00e1s las vacaciones de verano me produzca m\u00e1s nostalgia que las de navidad. Agosto siempre me lleva al pasado. Cuando me siento en el sill\u00f3n de casa con la mente alejada de pensamientos laborales, cuando vivo sin reloj con la \u00fanica preocupaci\u00f3n de hacer una buena selecci\u00f3n para ver que libro me llevo al alma [&hellip;]<!-- AddThis Advanced Settings generic via filter on get_the_excerpt --><!-- AddThis Share Buttons generic via filter on get_the_excerpt --><\/p>\n","protected":false},"author":10,"featured_media":0,"comment_status":"open","ping_status":"closed","sticky":false,"template":"","format":"standard","meta":[],"categories":[2],"tags":[20,107,674,760,882,916,955,1047],"_links":{"self":[{"href":"https:\/\/blogs.hoy.es\/migas-canas\/wp-json\/wp\/v2\/posts\/510"}],"collection":[{"href":"https:\/\/blogs.hoy.es\/migas-canas\/wp-json\/wp\/v2\/posts"}],"about":[{"href":"https:\/\/blogs.hoy.es\/migas-canas\/wp-json\/wp\/v2\/types\/post"}],"author":[{"embeddable":true,"href":"https:\/\/blogs.hoy.es\/migas-canas\/wp-json\/wp\/v2\/users\/10"}],"replies":[{"embeddable":true,"href":"https:\/\/blogs.hoy.es\/migas-canas\/wp-json\/wp\/v2\/comments?post=510"}],"version-history":[{"count":0,"href":"https:\/\/blogs.hoy.es\/migas-canas\/wp-json\/wp\/v2\/posts\/510\/revisions"}],"wp:attachment":[{"href":"https:\/\/blogs.hoy.es\/migas-canas\/wp-json\/wp\/v2\/media?parent=510"}],"wp:term":[{"taxonomy":"category","embeddable":true,"href":"https:\/\/blogs.hoy.es\/migas-canas\/wp-json\/wp\/v2\/categories?post=510"},{"taxonomy":"post_tag","embeddable":true,"href":"https:\/\/blogs.hoy.es\/migas-canas\/wp-json\/wp\/v2\/tags?post=510"}],"curies":[{"name":"wp","href":"https:\/\/api.w.org\/{rel}","templated":true}]}}