{"id":516,"date":"2014-09-01T09:36:12","date_gmt":"2014-09-01T08:36:12","guid":{"rendered":"http:\/\/blogs.hoy.es\/migas-canas\/?p=516"},"modified":"2014-09-01T09:36:12","modified_gmt":"2014-09-01T08:36:12","slug":"mi-generacion-2","status":"publish","type":"post","link":"https:\/\/blogs.hoy.es\/migas-canas\/2014\/09\/01\/mi-generacion-2\/","title":{"rendered":"MI GENERACI\u00d3N"},"content":{"rendered":"<p><a href=\"\/migas-canas\/wp-content\/uploads\/sites\/8\/2014\/09\/GUADIANA.jpg\"><img loading=\"lazy\" class=\"aligncenter size-medium wp-image-517\" title=\"GUADIANA\" src=\"\/migas-canas\/wp-content\/uploads\/sites\/8\/2014\/09\/GUADIANA.jpg\" alt=\"\" width=\"300\" height=\"190\" srcset=\"https:\/\/static-blogs.hoy.es\/wp-content\/uploads\/sites\/8\/2014\/09\/GUADIANA.jpg 2746w, https:\/\/static-blogs.hoy.es\/wp-content\/uploads\/sites\/8\/2014\/09\/GUADIANA-300x191.jpg 300w, https:\/\/static-blogs.hoy.es\/wp-content\/uploads\/sites\/8\/2014\/09\/GUADIANA-768x488.jpg 768w, https:\/\/static-blogs.hoy.es\/wp-content\/uploads\/sites\/8\/2014\/09\/GUADIANA-1024x651.jpg 1024w\" sizes=\"(max-width: 300px) 100vw, 300px\" \/><\/a>Soy de los que he comido<strong> mollejas en el Torre<\/strong>s, <strong>bocadillos de calamares en San Francisco<\/strong>, he tomado campeones en el<strong> Pich<\/strong>i y tisanas en el <strong>Candas<\/strong>, he comprado L<strong>ois y Wrangler en la Meca de los pantalones<\/strong>, he jugado al f\u00fatbol en el <strong>Flecha Negra<\/strong>s, he ido a la <strong>Boite Zurbaran y a Fashi\u00f3n<\/strong> donde pon\u00edan m\u00fasica lenta para bailar abrazados y suelta para los que no encontr\u00e1bamos pareja con quien bailar. Soy de esa generaci\u00f3n que trabajaba cuando ten\u00eda vacaciones de verano en el Instituto, cog\u00eda: peras, manzanas y melocotones. <strong>Tuve un 850 y luego un R5 rojo<\/strong>. No exist\u00eda el botell\u00f3n, beb\u00edamos espumosos en el kiosco de Ronda del Pilar, frente al INSS. Hice la mili, me ba\u00f1e en el Guadiana, alquile barcas, fui a las <strong>fiestas de medicinas en Charlot<\/strong>, al<strong> cine Menacho<\/strong> donde hoy esta Zara y al<strong> Conquistadores<\/strong> que ahora es un bingo, le\u00eda todo lo que ca\u00eda en mis manos, excepto lo que mandaba el profesor. Escuchaba los discos de mis hermanos mayores, m\u00fasica de cantautores: <strong>Paco Ib\u00e1\u00f1ez, Serrat, Victor Jara<\/strong>, Labordeta\u201dhabr\u00e1 un d\u00eda que todos al levantar la vista veremos una tierra que diga libertad\u201d. No hab\u00eda problemas de aparcamiento, ni siquiera exist\u00eda plaza para minusv\u00e1lidos, se conduc\u00eda con copas de m\u00e1s, no hac\u00edan la prueba del alcohol. Ahora est\u00e1 prohibido hasta para los concejales,\u00bfpara concejales tambi\u00e9n? Rifaban manojos de esp\u00e1rragos por los bares, el jam\u00f3n se com\u00eda en tacos, las patatas fritas no eran congeladas, en la televisi\u00f3n ve\u00edamos a<strong> Jos\u00e9 Mar\u00eda I\u00f1igo, a Kiko Ledgard<\/strong> en un dos tres y<strong> a Balb\u00edn en la Clave<\/strong>, no exist\u00eda Belen Esteban. No ten\u00edamos bicicletas, ni hab\u00eda m\u00f3viles, ten\u00edamos novia con la que pase\u00e1bamos de la mano comiendo pipas por el Paseo Fluvial <strong>y habl\u00e1bamos entre nosotros sin wuasa<\/strong>. No hab\u00eda gimnasio, ni se hac\u00eda footing, nadie iba en ch\u00e1ndal. Se fumaba en los bares, se jugaba al futbol\u00edn, a los chinos y a las m\u00e1quinas de bolas, no hab\u00eda tragaperras y el billar no era americano. Despu\u00e9s de la mili se encontraba trabajo, y todav\u00eda no hab\u00eda nacido ning\u00fa<strong>n Cristian, Jonatan ni Vanesa<\/strong>.<a href=\"\/migas-canas\/wp-content\/uploads\/sites\/8\/2014\/09\/bar-pichi.jpeg\"><img loading=\"lazy\" class=\"alignright size-full wp-image-519\" title=\"bar pichi\" src=\"\/migas-canas\/wp-content\/uploads\/sites\/8\/2014\/09\/bar-pichi.jpeg\" alt=\"\" width=\"150\" height=\"113\" \/><\/a><br \/>\n<strong> Mi generaci\u00f3n fue a manifestaciones, corri\u00f3 delante de la polic\u00eda y protesto<\/strong>, protesto mucho. Luego algunos se hicieron pol\u00edticos; entraron en los primeros gobiernos; se acostumbraron r\u00e1pido: a las camisas de sedas, al chofer en la puerta, a los jamones de varias j, a los restaurantes con estrellas Michelin. <strong>As\u00ed empez\u00f3 todo, cuando cambiaron ideales por placer olvidando su pasado e ignorando a los dem\u00e1s.<\/strong><\/p>\n<!-- AddThis Advanced Settings generic via filter on the_content --><!-- AddThis Share Buttons generic via filter on the_content -->","protected":false},"excerpt":{"rendered":"<p>Soy de los que he comido mollejas en el Torres, bocadillos de calamares en San Francisco, he tomado campeones en el Pichi y tisanas en el Candas, he comprado Lois y Wrangler en la Meca de los pantalones, he jugado al f\u00fatbol en el Flecha Negras, he ido a la Boite Zurbaran y a Fashi\u00f3n [&hellip;]<!-- AddThis Advanced Settings generic via filter on get_the_excerpt --><!-- AddThis Share Buttons generic via filter on get_the_excerpt --><\/p>\n","protected":false},"author":10,"featured_media":0,"comment_status":"open","ping_status":"closed","sticky":false,"template":"","format":"standard","meta":[],"categories":[2],"tags":[109,138,160,184,260,321,387,418,451,459,568,599,621,741,963,1061,1072],"_links":{"self":[{"href":"https:\/\/blogs.hoy.es\/migas-canas\/wp-json\/wp\/v2\/posts\/516"}],"collection":[{"href":"https:\/\/blogs.hoy.es\/migas-canas\/wp-json\/wp\/v2\/posts"}],"about":[{"href":"https:\/\/blogs.hoy.es\/migas-canas\/wp-json\/wp\/v2\/types\/post"}],"author":[{"embeddable":true,"href":"https:\/\/blogs.hoy.es\/migas-canas\/wp-json\/wp\/v2\/users\/10"}],"replies":[{"embeddable":true,"href":"https:\/\/blogs.hoy.es\/migas-canas\/wp-json\/wp\/v2\/comments?post=516"}],"version-history":[{"count":0,"href":"https:\/\/blogs.hoy.es\/migas-canas\/wp-json\/wp\/v2\/posts\/516\/revisions"}],"wp:attachment":[{"href":"https:\/\/blogs.hoy.es\/migas-canas\/wp-json\/wp\/v2\/media?parent=516"}],"wp:term":[{"taxonomy":"category","embeddable":true,"href":"https:\/\/blogs.hoy.es\/migas-canas\/wp-json\/wp\/v2\/categories?post=516"},{"taxonomy":"post_tag","embeddable":true,"href":"https:\/\/blogs.hoy.es\/migas-canas\/wp-json\/wp\/v2\/tags?post=516"}],"curies":[{"name":"wp","href":"https:\/\/api.w.org\/{rel}","templated":true}]}}