{"id":52,"date":"2011-05-06T08:58:00","date_gmt":"2011-05-06T08:58:00","guid":{"rendered":"http:\/\/blogs.hoy.es\/migas-canas\/?p=52"},"modified":"2011-05-06T08:58:00","modified_gmt":"2011-05-06T08:58:00","slug":"apellidos","status":"publish","type":"post","link":"https:\/\/blogs.hoy.es\/migas-canas\/2011\/05\/06\/apellidos\/","title":{"rendered":"APELLIDOS"},"content":{"rendered":"<p>Cuando robaron el cuartel de B\u00f3toa, en Badajoz, arrestaron a un soldado y a un cabo. Ahora que tienen que decidir el criterio para apellidar a los reci\u00e9n nacidos, cualquier decisi\u00f3n hubiera sido pol\u00e9mica. Los dirigentes se lavan las manos dejando la responsabilidad al de abajo, al oficinista que apunta el nombre. Quiz\u00e1s la soluci\u00f3n a la crisis sea esa. Ya que los gobiernos no son capaces de sacarnos del pozo y cada vez hay m\u00e1s parados, que se sustituyan asesores, directores generales y subdirectores por bedeles, ordenanzas, auxiliares administrativos, soldados y cabos. Saldr\u00edan mucho m\u00e1s baratos y quien sabe si, tacita a tacita&#8230;<\/p>\n<!-- AddThis Advanced Settings generic via filter on the_content --><!-- AddThis Share Buttons generic via filter on the_content -->","protected":false},"excerpt":{"rendered":"<p>Cuando robaron el cuartel de B\u00f3toa, en Badajoz, arrestaron a un soldado y a un cabo. Ahora que tienen que decidir el criterio para apellidar a los reci\u00e9n nacidos, cualquier decisi\u00f3n hubiera sido pol\u00e9mica. Los dirigentes se lavan las manos dejando la responsabilidad al de abajo, al oficinista que apunta el nombre. Quiz\u00e1s la soluci\u00f3n [&hellip;]<!-- AddThis Advanced Settings generic via filter on get_the_excerpt --><!-- AddThis Share Buttons generic via filter on get_the_excerpt --><\/p>\n","protected":false},"author":10,"featured_media":0,"comment_status":"open","ping_status":"closed","sticky":false,"template":"","format":"standard","meta":[],"categories":[4],"tags":[],"_links":{"self":[{"href":"https:\/\/blogs.hoy.es\/migas-canas\/wp-json\/wp\/v2\/posts\/52"}],"collection":[{"href":"https:\/\/blogs.hoy.es\/migas-canas\/wp-json\/wp\/v2\/posts"}],"about":[{"href":"https:\/\/blogs.hoy.es\/migas-canas\/wp-json\/wp\/v2\/types\/post"}],"author":[{"embeddable":true,"href":"https:\/\/blogs.hoy.es\/migas-canas\/wp-json\/wp\/v2\/users\/10"}],"replies":[{"embeddable":true,"href":"https:\/\/blogs.hoy.es\/migas-canas\/wp-json\/wp\/v2\/comments?post=52"}],"version-history":[{"count":0,"href":"https:\/\/blogs.hoy.es\/migas-canas\/wp-json\/wp\/v2\/posts\/52\/revisions"}],"wp:attachment":[{"href":"https:\/\/blogs.hoy.es\/migas-canas\/wp-json\/wp\/v2\/media?parent=52"}],"wp:term":[{"taxonomy":"category","embeddable":true,"href":"https:\/\/blogs.hoy.es\/migas-canas\/wp-json\/wp\/v2\/categories?post=52"},{"taxonomy":"post_tag","embeddable":true,"href":"https:\/\/blogs.hoy.es\/migas-canas\/wp-json\/wp\/v2\/tags?post=52"}],"curies":[{"name":"wp","href":"https:\/\/api.w.org\/{rel}","templated":true}]}}