{"id":520,"date":"2014-09-10T08:45:27","date_gmt":"2014-09-10T07:45:27","guid":{"rendered":"http:\/\/blogs.hoy.es\/migas-canas\/?p=520"},"modified":"2014-09-10T08:45:27","modified_gmt":"2014-09-10T07:45:27","slug":"septiembre","status":"publish","type":"post","link":"https:\/\/blogs.hoy.es\/migas-canas\/2014\/09\/10\/septiembre\/","title":{"rendered":"SEPTIEMBRE"},"content":{"rendered":"<p><strong><a href=\"\/migas-canas\/wp-content\/uploads\/sites\/8\/2014\/09\/septiembre2.jpg\"><img loading=\"lazy\" class=\"aligncenter size-medium wp-image-527\" title=\"septiembre\" src=\"\/migas-canas\/wp-content\/uploads\/sites\/8\/2014\/09\/septiembre2-e1410335993164.jpg\" alt=\"\" width=\"225\" height=\"300\" srcset=\"https:\/\/static-blogs.hoy.es\/wp-content\/uploads\/sites\/8\/2014\/09\/septiembre2-e1410335993164.jpg 1920w, https:\/\/static-blogs.hoy.es\/wp-content\/uploads\/sites\/8\/2014\/09\/septiembre2-e1410335993164-225x300.jpg 225w, https:\/\/static-blogs.hoy.es\/wp-content\/uploads\/sites\/8\/2014\/09\/septiembre2-e1410335993164-768x1024.jpg 768w\" sizes=\"(max-width: 225px) 100vw, 225px\" \/><\/a>Llega septiembre con olor a nuevo, a principio de algo, al inicio de actividades placenteras para el cuerpo y el alma<\/strong>. Llega septiembre para demostrarnos que no somos due\u00f1os de nuestras decisiones, que casi todos hacemos lo mismo manejados por el clima y la publicidad. Llega septiembre con una brisa fresca que renueva el ambiente dejando atr\u00e1s las interminables tardes de verano y las noches de aparcar bebidos en cualquier sitio cuando hay acto oficial.<br \/>\n<strong>Llega septiembre<\/strong>. Se van los becarios y todo los pesos pesados del columnismo vuelven con la tecla engrasada para hacernos reflexionar sobre la realidad, sobre el presente y el futuro, sobre lo que tenemos y tendremos, <strong>sobre esa pol\u00edtica que no es parte de nuestra vida, es nuestra vid<\/strong>a. <strong>Llega septiembre con los aparcamientos de Decathlon y Sprinter a reventar<\/strong>. La gente llega en coche y sale corriendo. La carretera de las Vaguadas, la Avenida de Elvas y la de la Granadilla se transforma en un paseo multicolor de hombres y mujeres en zapatillas de deporte ba\u00f1ados con el sudor del <a href=\"\/migas-canas\/wp-content\/uploads\/sites\/8\/2014\/09\/alicia-septiembre1.jpg\"><img loading=\"lazy\" class=\"alignright size-medium wp-image-525\" title=\"alicia septiembre1\" src=\"\/migas-canas\/wp-content\/uploads\/sites\/8\/2014\/09\/alicia-septiembre1.jpg\" alt=\"\" width=\"300\" height=\"225\" srcset=\"https:\/\/static-blogs.hoy.es\/wp-content\/uploads\/sites\/8\/2014\/09\/alicia-septiembre1.jpg 2048w, https:\/\/static-blogs.hoy.es\/wp-content\/uploads\/sites\/8\/2014\/09\/alicia-septiembre1-300x225.jpg 300w, https:\/\/static-blogs.hoy.es\/wp-content\/uploads\/sites\/8\/2014\/09\/alicia-septiembre1-768x576.jpg 768w, https:\/\/static-blogs.hoy.es\/wp-content\/uploads\/sites\/8\/2014\/09\/alicia-septiembre1-1024x768.jpg 1024w\" sizes=\"(max-width: 300px) 100vw, 300px\" \/><\/a>placer.<strong> Empieza septiembre con colas en los gimnasios, en los centro de formaci\u00f3n: la UNED, la escuela de idiomas, artes y oficio, academias de baile.<\/strong> En septiembre vuelven los estudiantes a llenar los autobuses que van al campus o se les ve pedaleando en chirriantes bicicletas de alquiler, <strong>ya nadie quiere ser carpintero, ni fontanero, ni agricultor<\/strong>, que haremos cuando ya no sepamos cultivar la tierra. Septiembre esta aqu\u00ed con su aspecto formal de <strong>principio de curso y su olor a l\u00e1piz y goma de borrar<\/strong>. <strong>Llega septiembre, se acaba el libre albedr\u00edo en la mesa y en la cama para empezar a cuidar cuerpo y esp\u00edritu<\/strong>. Ya ha llegado otro septiembre austero y firme sabiendo que de todos los que empiezan a correr a bailar a estudiar solo algunos llegaran a octubre y muy pocos a noviembre. <strong>Llega septiembre, terminaron las bulliciosas ma\u00f1anas en Castelar moldeando plastilina por tiernas manos infantiles<\/strong>,quedan atr\u00e1s los juegos de agua en la piscina de la Granadilla.<strong> Se acabo la manga corta, la exhibici\u00f3n de tatuajes, los ombligos al aire,los veladores en la acera, la terraza del L\u00f3pez, el cine de verano<\/strong>. Empieza septiembre con otro \u201c<strong>perd\u00f3n no volver\u00e1 a ocurri<\/strong>r\u201d que lo mismo vale para justificar: la caza de elefantes, llevar herencia a Suiza que aparcar en sitios reservado para minusv\u00e1lidos con copas de m\u00e1s.Que fil\u00f3n para letristas de carnaval que bochorno para la ciudad.<\/p>\n<!-- AddThis Advanced Settings generic via filter on the_content --><!-- AddThis Share Buttons generic via filter on the_content -->","protected":false},"excerpt":{"rendered":"<p>Llega septiembre con olor a nuevo, a principio de algo, al inicio de actividades placenteras para el cuerpo y el alma. Llega septiembre para demostrarnos que no somos due\u00f1os de nuestras decisiones, que casi todos hacemos lo mismo manejados por el clima y la publicidad. Llega septiembre con una brisa fresca que renueva el ambiente [&hellip;]<!-- AddThis Advanced Settings generic via filter on get_the_excerpt --><!-- AddThis Share Buttons generic via filter on get_the_excerpt --><\/p>\n","protected":false},"author":10,"featured_media":0,"comment_status":"open","ping_status":"closed","sticky":false,"template":"","format":"standard","meta":[],"categories":[2],"tags":[231,491,499,649,959],"_links":{"self":[{"href":"https:\/\/blogs.hoy.es\/migas-canas\/wp-json\/wp\/v2\/posts\/520"}],"collection":[{"href":"https:\/\/blogs.hoy.es\/migas-canas\/wp-json\/wp\/v2\/posts"}],"about":[{"href":"https:\/\/blogs.hoy.es\/migas-canas\/wp-json\/wp\/v2\/types\/post"}],"author":[{"embeddable":true,"href":"https:\/\/blogs.hoy.es\/migas-canas\/wp-json\/wp\/v2\/users\/10"}],"replies":[{"embeddable":true,"href":"https:\/\/blogs.hoy.es\/migas-canas\/wp-json\/wp\/v2\/comments?post=520"}],"version-history":[{"count":0,"href":"https:\/\/blogs.hoy.es\/migas-canas\/wp-json\/wp\/v2\/posts\/520\/revisions"}],"wp:attachment":[{"href":"https:\/\/blogs.hoy.es\/migas-canas\/wp-json\/wp\/v2\/media?parent=520"}],"wp:term":[{"taxonomy":"category","embeddable":true,"href":"https:\/\/blogs.hoy.es\/migas-canas\/wp-json\/wp\/v2\/categories?post=520"},{"taxonomy":"post_tag","embeddable":true,"href":"https:\/\/blogs.hoy.es\/migas-canas\/wp-json\/wp\/v2\/tags?post=520"}],"curies":[{"name":"wp","href":"https:\/\/api.w.org\/{rel}","templated":true}]}}