{"id":532,"date":"2014-10-30T17:12:04","date_gmt":"2014-10-30T16:12:04","guid":{"rendered":"http:\/\/blogs.hoy.es\/migas-canas\/?p=532"},"modified":"2014-10-30T17:12:04","modified_gmt":"2014-10-30T16:12:04","slug":"las-fisioterapeutas","status":"publish","type":"post","link":"https:\/\/blogs.hoy.es\/migas-canas\/2014\/10\/30\/las-fisioterapeutas\/","title":{"rendered":"LAS FISIOTERAPEUTAS"},"content":{"rendered":"<p><strong><a href=\"\/migas-canas\/wp-content\/uploads\/sites\/8\/2014\/10\/miguel-cacho1.jpg\"><img loading=\"lazy\" class=\"aligncenter size-medium wp-image-536\" title=\"miguel cacho\" src=\"\/migas-canas\/wp-content\/uploads\/sites\/8\/2014\/10\/miguel-cacho1.jpg\" alt=\"\" width=\"300\" height=\"225\" srcset=\"https:\/\/static-blogs.hoy.es\/wp-content\/uploads\/sites\/8\/2014\/10\/miguel-cacho1.jpg 3264w, https:\/\/static-blogs.hoy.es\/wp-content\/uploads\/sites\/8\/2014\/10\/miguel-cacho1-300x225.jpg 300w, https:\/\/static-blogs.hoy.es\/wp-content\/uploads\/sites\/8\/2014\/10\/miguel-cacho1-768x576.jpg 768w, https:\/\/static-blogs.hoy.es\/wp-content\/uploads\/sites\/8\/2014\/10\/miguel-cacho1-1024x768.jpg 1024w\" sizes=\"(max-width: 300px) 100vw, 300px\" \/><\/a>Lo que me va a dar de si la lesi\u00f3n del pie para esta secci\u00f3n de Plaza Alt<\/strong>a, incluso m\u00e1s que el peque\u00f1o Nicol\u00e1s para muchos columnistas. Escrib\u00ed por primera vez de la ca\u00edda<strong> el d\u00eda que me clavo ma\u00f1ana, tarde y noche en un sill\u00f3n el esguince.<\/strong> Ahora, para curar definitivamente el pie y curarme, tambi\u00e9n, de tanta lectura, escrituras y <strong>horas de musara\u00f1a pensando en lo peor; en que nunca tendr\u00e9 el pie como antes; en que no volver\u00e9 a andar con garbo, si es que alguna vez lo hice,ni a correr, ni a montar en bici,<\/strong>voy todas las ma\u00f1anas al fisio.<br \/>\nNo sirvo para muchas cosas, es verdad, pero quiz\u00e1s para la que menos es para estar enfermo. Lo mio es peccata minuta comparado con otras patolog\u00edas, pero el pie es mio y me duele a mi.<br \/>\n<a href=\"\/migas-canas\/wp-content\/uploads\/sites\/8\/2014\/10\/atardecer.jpeg\"><img loading=\"lazy\" class=\"alignright size-full wp-image-538\" title=\"atardecer\" src=\"\/migas-canas\/wp-content\/uploads\/sites\/8\/2014\/10\/atardecer.jpeg\" alt=\"\" width=\"149\" height=\"93\" \/><\/a>T<strong>odas la ma\u00f1ana voy al gimnasio del Centro de Salud, las fisio: Ana y Rosa<\/strong>, me reciben con buena cara. <strong>Valdepasillas ha dejado de ser mi centro de trabajo para ser el de recuperaci\u00f3n<\/strong>, as\u00ed puedo mirar las cosas desde fuera y <strong>comprender mejor a esos que alaban a los profesionale<\/strong>s y critican su burocracia. Cuando estas mal, tengas lo que tengas, sufres limitaciones y dependes de personas que pierden su tiempo o parte de su jornada laboral para llevarte de un sitio a otro y no digo m\u00e1s. Lo mas importante que tenemos es la salud y cuando la pierdes quieres recuperarla cuanto antes. <strong>Los recortes en sanidad son los m\u00e1s injustos, tarde o temprano todos tenemos que recurrir a sus servicios.<\/strong><br \/>\nAhora paso un par de horas de la ma\u00f1ana en un concurrido gimnasio donde no deja de llegar personas operadas o lesionadas. Adem\u00e1s de las fisio hay tres alumnas<strong> Shelia, Laura y la Berlangue\u00f1a Cristina,<\/strong> cuantos recuerdos me trae Berlanga. Cristina me dice que Pep\u00edn ya no es alcalde, que Rufino sigue vendiendo aquellas sabrosas raciones de cochinito y que en el parque zool\u00f3gico ya no esta aquel cerdo del pelo rizado que parec\u00eda una oveja. Las fisios no paran. colocan a un cojo en la onda corta, a un manco en la camilla de masajes&#8230;todos los pacientes estamos relajados menos ellas que est\u00e1n pendiente de nosotros. En el gimnasio suena m\u00fasica, hay revistas. Ana me sienta en una camilla y me mueve el pie mientras las alumnas toman nota as\u00ed, entre buenas palabras, mimos, profesionalidad y sudores paso la ma\u00f1ana y mi pie, al que dedico el d\u00eda entero, y hasta los art\u00edculos de Plaza Alta.<\/p>\n<!-- AddThis Advanced Settings generic via filter on the_content --><!-- AddThis Share Buttons generic via filter on the_content -->","protected":false},"excerpt":{"rendered":"<p>Lo que me va a dar de si la lesi\u00f3n del pie para esta secci\u00f3n de Plaza Alta, incluso m\u00e1s que el peque\u00f1o Nicol\u00e1s para muchos columnistas. Escrib\u00ed por primera vez de la ca\u00edda el d\u00eda que me clavo ma\u00f1ana, tarde y noche en un sill\u00f3n el esguince. Ahora, para curar definitivamente el pie y [&hellip;]<!-- AddThis Advanced Settings generic via filter on get_the_excerpt --><!-- AddThis Share Buttons generic via filter on get_the_excerpt --><\/p>\n","protected":false},"author":10,"featured_media":0,"comment_status":"open","ping_status":"closed","sticky":false,"template":"","format":"standard","meta":[],"categories":[2],"tags":[46,142,248,320,631,926],"_links":{"self":[{"href":"https:\/\/blogs.hoy.es\/migas-canas\/wp-json\/wp\/v2\/posts\/532"}],"collection":[{"href":"https:\/\/blogs.hoy.es\/migas-canas\/wp-json\/wp\/v2\/posts"}],"about":[{"href":"https:\/\/blogs.hoy.es\/migas-canas\/wp-json\/wp\/v2\/types\/post"}],"author":[{"embeddable":true,"href":"https:\/\/blogs.hoy.es\/migas-canas\/wp-json\/wp\/v2\/users\/10"}],"replies":[{"embeddable":true,"href":"https:\/\/blogs.hoy.es\/migas-canas\/wp-json\/wp\/v2\/comments?post=532"}],"version-history":[{"count":0,"href":"https:\/\/blogs.hoy.es\/migas-canas\/wp-json\/wp\/v2\/posts\/532\/revisions"}],"wp:attachment":[{"href":"https:\/\/blogs.hoy.es\/migas-canas\/wp-json\/wp\/v2\/media?parent=532"}],"wp:term":[{"taxonomy":"category","embeddable":true,"href":"https:\/\/blogs.hoy.es\/migas-canas\/wp-json\/wp\/v2\/categories?post=532"},{"taxonomy":"post_tag","embeddable":true,"href":"https:\/\/blogs.hoy.es\/migas-canas\/wp-json\/wp\/v2\/tags?post=532"}],"curies":[{"name":"wp","href":"https:\/\/api.w.org\/{rel}","templated":true}]}}