{"id":548,"date":"2014-12-12T08:57:57","date_gmt":"2014-12-12T07:57:57","guid":{"rendered":"http:\/\/blogs.hoy.es\/migas-canas\/?p=548"},"modified":"2014-12-12T08:57:57","modified_gmt":"2014-12-12T07:57:57","slug":"la-bibliotecaria-o-el-paso-del-tiempo","status":"publish","type":"post","link":"https:\/\/blogs.hoy.es\/migas-canas\/2014\/12\/12\/la-bibliotecaria-o-el-paso-del-tiempo\/","title":{"rendered":"LA BIBLIOTECARIA O EL PASO DEL TIEMPO"},"content":{"rendered":"<div id=\"attachment_549\" style=\"width: 160px\" class=\"wp-caption aligncenter\"><a href=\"\/migas-canas\/wp-content\/uploads\/sites\/8\/2014\/12\/foto-lolam_mid_1418290054757_499d1dcaf92b66c228_0-1.jpeg\"><img aria-describedby=\"caption-attachment-549\" loading=\"lazy\" class=\"size-thumbnail wp-image-549\" title=\"foto lolam_mid_1418290054757_499d1dcaf92b66c228_0-1\" src=\"\/migas-canas\/wp-content\/uploads\/sites\/8\/2014\/12\/foto-lolam_mid_1418290054757_499d1dcaf92b66c228_0-1.jpg\" alt=\"fotograf\u00eda de Lola K Cantos\" width=\"150\" height=\"150\" \/><\/a><p id=\"caption-attachment-549\" class=\"wp-caption-text\">Fotograf\u00eda de Lola K Cantos<\/p><\/div>\n<p>Me pongo a escribir. Son las 8 de la tarde. <strong>El tiempo pasa r\u00e1pido. Fuera hace fr\u00edo, es de noche, que pronto pasa el d\u00ed<\/strong>a, igual que las semanas los meses y los a\u00f1os. Recuerdo aquel d\u00eda que nos juntamos los amigos de la juventud para comer. <strong>Creo que fue Vicente quien dijo \u201cestamos todos, todav\u00eda no ha habido ninguna baja\u201d. Aquel comentario me impresiono<\/strong>. Yo nunca hab\u00eda pensado antes en ello cuando desbordaba salud y juventud, pero <strong>ya he llegado, sin darme cuenta, a esas edad en la que leo con gafas, me cansa subir escaleras y miro sin pretensiones cuando veo a una muchacha guapa, excepto el otro d\u00eda,cuando fui a la biblioteca.<\/strong> sentada detr\u00e1s del mostrador de los pr\u00e9stamos hab\u00eda u<strong>na joven morena de pelo rizado y mirada dulce, encima de los hombros llevaba una toquilla negra que le daba un aspecto hippi.<\/strong> Debido a mi inconsciencia del paso del tiempo puse una sonrisa de seductor, como en los viejos tiempos. <strong>Mi ignorancia me llevo a un coqueteo absurdo empleando, con la desconocida, un tuteo risue\u00f1o mientras ella, con <a href=\"\/migas-canas\/wp-content\/uploads\/sites\/8\/2014\/12\/bibliloteca.jpeg\"><img loading=\"lazy\" class=\"alignleft size-full wp-image-551\" title=\"bibliloteca\" src=\"\/migas-canas\/wp-content\/uploads\/sites\/8\/2014\/12\/bibliloteca.jpeg\" alt=\"\" width=\"142\" height=\"107\" \/><\/a>pulcra seriedad, profesional me hablaba de usted<\/strong>. Era tan guapa que ni siquiera me import\u00f3 que me preguntara si <strong>Landero<\/strong> era extreme\u00f1o. \u201c<strong>De Alburquerqu<\/strong>e\u201d, contest\u00e9,ni siquiera mi cultura literaria llamo su atenci\u00f3n, no hab\u00eda nada que hacer. <strong>Todos los desconocidos me hablan de usted<\/strong>.<strong> No s\u00e9 cu\u00e1ntas docenas de huevos he comprado en la<\/strong> <strong>Granja El Cruce para que Inma, la dependienta, me llame Diego,<\/strong> ni los meses empleados para que me tutee Beatriz, la joven que me vende el peri\u00f3dico.<strong> Hay cosas que ya no podr\u00e9 hacer nunca y otras que no volver\u00e9 a hacer.<\/strong> Quiz\u00e1s ya sea mayor para muchas cosas, mayor para entender al nuevo partido pol\u00edtico que dice lo que queremos o\u00edr pero sin saber como lo van hacer. Ya tengo la mollera dura para <a href=\"\/migas-canas\/wp-content\/uploads\/sites\/8\/2014\/12\/landero.jpeg\"><img loading=\"lazy\" class=\"alignright size-full wp-image-552\" title=\"landero\" src=\"\/migas-canas\/wp-content\/uploads\/sites\/8\/2014\/12\/landero.jpeg\" alt=\"\" width=\"132\" height=\"88\" \/><\/a>comprender que el Ministro de Justicia diga que los ciudadanos entender\u00e1n que el juez Ruz sea apartado de la Audiencia Nacional, Se eternizar\u00e1n los procesos, o que salga de la c\u00e1rcel Santi Potros. <strong>Soy demasiado mayor para entender donde esta la justicia cuando echan a una anciana de su casa y que anuncien la llegada de Woody Allen como un Mister Marshall, no para hacer lo que sabe, sino para que practique su afici\u00f3n.<\/strong> La noche esta m\u00e1s oscura. Hace m\u00e1s fr\u00edo. No s\u00e9 que hora es. <strong>Paso otra noche acariciando las teclas de mi ordenador. Para muchos, seguro, que esto\u00a0 es una p\u00e9rdida de tiempo mientras a m\u00ed me da la vida<\/strong><\/p>\n<!-- AddThis Advanced Settings generic via filter on the_content --><!-- AddThis Share Buttons generic via filter on the_content -->","protected":false},"excerpt":{"rendered":"<p>Me pongo a escribir. Son las 8 de la tarde. El tiempo pasa r\u00e1pido. Fuera hace fr\u00edo, es de noche, que pronto pasa el d\u00eda, igual que las semanas los meses y los a\u00f1os. Recuerdo aquel d\u00eda que nos juntamos los amigos de la juventud para comer. Creo que fue Vicente quien dijo \u201cestamos todos, [&hellip;]<!-- AddThis Advanced Settings generic via filter on get_the_excerpt --><!-- AddThis Share Buttons generic via filter on get_the_excerpt --><\/p>\n","protected":false},"author":10,"featured_media":0,"comment_status":"open","ping_status":"closed","sticky":false,"template":"","format":"standard","meta":[],"categories":[2],"tags":[28,144,500,623,1090],"_links":{"self":[{"href":"https:\/\/blogs.hoy.es\/migas-canas\/wp-json\/wp\/v2\/posts\/548"}],"collection":[{"href":"https:\/\/blogs.hoy.es\/migas-canas\/wp-json\/wp\/v2\/posts"}],"about":[{"href":"https:\/\/blogs.hoy.es\/migas-canas\/wp-json\/wp\/v2\/types\/post"}],"author":[{"embeddable":true,"href":"https:\/\/blogs.hoy.es\/migas-canas\/wp-json\/wp\/v2\/users\/10"}],"replies":[{"embeddable":true,"href":"https:\/\/blogs.hoy.es\/migas-canas\/wp-json\/wp\/v2\/comments?post=548"}],"version-history":[{"count":0,"href":"https:\/\/blogs.hoy.es\/migas-canas\/wp-json\/wp\/v2\/posts\/548\/revisions"}],"wp:attachment":[{"href":"https:\/\/blogs.hoy.es\/migas-canas\/wp-json\/wp\/v2\/media?parent=548"}],"wp:term":[{"taxonomy":"category","embeddable":true,"href":"https:\/\/blogs.hoy.es\/migas-canas\/wp-json\/wp\/v2\/categories?post=548"},{"taxonomy":"post_tag","embeddable":true,"href":"https:\/\/blogs.hoy.es\/migas-canas\/wp-json\/wp\/v2\/tags?post=548"}],"curies":[{"name":"wp","href":"https:\/\/api.w.org\/{rel}","templated":true}]}}