{"id":55,"date":"2011-02-04T08:44:00","date_gmt":"2011-02-04T08:44:00","guid":{"rendered":"http:\/\/blogs.hoy.es\/migas-canas\/?p=55"},"modified":"2011-02-04T08:44:00","modified_gmt":"2011-02-04T08:44:00","slug":"babel","status":"publish","type":"post","link":"https:\/\/blogs.hoy.es\/migas-canas\/2011\/02\/04\/babel\/","title":{"rendered":"BABEL"},"content":{"rendered":"<div class=\"grouphead\">\n<div class=\"overhead\">\n<h4>OPINI\u00d3N<\/h4>\n<\/p><\/div>\n<div class=\"headline\">\n<div id=\"story-titulo\" class=\"ln\">\n<h1> <A href=\"http:\/\/www.hoy.es\/prensa\/20110204\/opinion\/babel-20110204.html\" rel=\"nofollow\"             target=\"_self\">Babel<\/a> <\/h1>\n<\/p><\/div>\n<\/p><\/div>\n<div class=\"subhead\"> <\/div>\n<\/p><\/div>\n<div class=\"date\"> <\/div>\n<div class=\"byline\">\n<div class=\"author\">\n<div class=\"name\" id=\"story-autor\">DIEGO ALGABA MANSILLA<\/div>\n<div class=\"description\" id=\"story-localidad\"> <\/div>\n<\/p><\/div>\n<\/p><\/div>\n<div class=\"OpcArt\">\n<div class=\"OpcArtB\">\n<div id=\"envianoticia\"><A href=\"javascript:window.print();\" class=\"imprimir\"><\/a><\/p>\n<div id=\"contenidoenvianoticia\">\n<form name=\"envio_noticia\">\n<fieldset>\n<div class=\"envianoticia\">\n<div class=\"envianoticiaI\">\n<table border=\"0\" cellpadding=\"0\" cellspacing=\"0\" width=\"99%\">\n<tbody>\n<tr>\n<th>\n<\/th>\n<td><input name=\"nombre\" value=\"\" type=\"text\"><\/td>\n<th>\n<\/th>\n<td><input name=\"email_remitente\" value=\"\" type=\"text\"><\/td>\n<\/tr>\n<tr>\n<th>\n<\/th>\n<td><input name=\"para\" value=\"\" type=\"text\"><\/td>\n<th>\n<\/th>\n<\/tr>\n<\/tbody>\n<\/table><\/div>\n<div class=\"rectificanoticia\">\n<div class=\"rectificanoticiaI\">\n<table border=\"0\" cellpadding=\"0\" cellspacing=\"0\" width=\"99%\">\n<tbody>\n<tr>\n<th width=\"12%\"><span class=\"obligatorio\"><\/span>\n<\/th>\n<td width=\"38%\"><input name=\"nombre\" value=\"\" type=\"text\"><\/td>\n<th width=\"9%\"><span class=\"obligatorio\"><\/span>\n<\/th>\n<td width=\"41%\"><input name=\"email\" value=\"\" type=\"text\"><\/td>\n<\/tr>\n<\/tbody>\n<\/table><\/div>\n<div class=\"rectificanoticiaD\">                           <textarea cols=\"5\" rows=\"5\"><\/textarea>                         <\/div>\n<\/p><\/div>\n<\/p><\/div>\n<\/fieldset><\/form>\n<\/p><\/div>\n<\/p><\/div>\n<\/p><\/div>\n<div id=\"envialanoticia\">  <\/div>\n<div id=\"rectificalanoticia\">\n<div id=\"rectificanoticia\">\n<div id=\"contenidorectificanoticia\">\n<form action=\"\">\n<fieldset>\n<div class=\"envianoticia-botones boton\"><span class=\"obligatorio\" style=\"float: left;\">*<\/span>\n<\/div>\n<\/fieldset><\/form>\n<\/p><\/div>\n<\/p><\/div>\n<\/p><\/div>\n<\/p><\/div>\n<div class=\"barhead\">\n<div class=\"ln\" id=\"story-entradilla\"> <\/div>\n<\/p><\/div>\n<div class=\"p\">EL Espa\u00f1ol, como consecuencia de su proceso de expansi\u00f3n hist\u00f3rica, lo hablan casi 380 millones de personas en todo el mundo, siendo la lengua oficial de 22 pa\u00edses. El Espa\u00f1ol, lengua com\u00fan, hace que no nos sintamos extranjeros en m\u00e1s de medio mundo, al poder entendernos con nuestros semejantes y leer con la misma facilidad a Garc\u00eda M\u00e1rquez y a Vargas Llosa que a Cervantes o a Cela. El Espa\u00f1ol de Espa\u00f1a se quiere acotar, ponerle l\u00edmites, desplazarlo a un segundo lugar en aquellas comunidades que comparten idioma oficial. El lugar elegido para fraccionar la lengua ha sido el \u00f3rgano del sistema pol\u00edtico espa\u00f1ol que representa a todo el territorio: el Senado. Todos hemos o\u00eddo hablar de la C\u00e1mara Alta, pero \u00bfconocemos cual es su funci\u00f3n? \u00bfSu organizaci\u00f3n? \u00bf Sus competencias? O solo lo conocen los propios senadores y los que alguna vez han estudiado oposiciones al Estado. El Senado sale poco en los telediarios y en los peri\u00f3dicos, y quiz\u00e1s sea lo m\u00e1s innecesario dentro del sistema pol\u00edtico actual, ya que est\u00e1 solapado por el Congreso. Muchos piensan que el Senado es como un privilegiado club que re\u00fane a pol\u00edticos de distintas localidades y partidos para discutir sobre la actualidad nacional e internacional con poca o nula repercusi\u00f3n, ni consecuencias para el pa\u00eds. Cuando se habla de los senadores hay ciudadanos que dicen que son esos se\u00f1ores que viven en provincias y que, de vez en cuando, se ponen sus trajes para viajar en Ave o Avi\u00f3n a Madrid y reunirse en un palacio, junto a los jardines de Sabatini, para debatir acaloradamente y luego regresan a sus casas para seguir viviendo sus cotidianidades. No son conocidos. Si se hiciese una encuesta en la calle preguntando si se sabe el nombre de alg\u00fan senador, seguro que pocos podr\u00edan responder. Sin embargo, se han puesto de actualidad. Se escriben numerosos art\u00edculos en peri\u00f3dicos; los columnistas afinan sus plumas indignados y no solo porque cada senador valenciano, catal\u00e1n, vasco o gallego haya comenzado a hablar en su lengua y los senadores necesiten de los servicios de traductores para entenderse, a pesar de que conocen y utilizan el mismo idioma. El ciudadano esta indignado por la alegr\u00eda con que se gastan los dineros p\u00fablicos, los que sacan del pellejo de los pocos que trabajan, incluso de los que no lo hacen. No se puede ser mas inoportuno, en la etapa de m\u00e1s recortes econ\u00f3micos de la historia de la democracia, nunca antes hab\u00edan rebajado n\u00f3minas, ni se ve\u00eda tanta escasez en la calle ni en las oficinas, donde se cuentan hasta las grapas y los folios. En una etapa de austeridad absoluta, el Senado gasta 12.000 euros por sesi\u00f3n, dos millones de pesetas, m\u00e1s de 50 millones al a\u00f1o en pinganillos y traductores. Por muchos que expliquen a los ciudadanos y justifiquen esta decisi\u00f3n con el argumento de la cultura de las lenguas hist\u00f3ricas, aquellos que se agarran con fuerza a los \u00faltimos resortes antes de caer en la exclusi\u00f3n social por culpa del paro, o aquellos treinta\u00f1eros que han estudiado dos carreras, y no s\u00e9 cu\u00e1ntos m\u00e1steres y solo han tenido un trabajo de camarero en Navidad no van a entender una decisi\u00f3n que solo origina rechazo e indignaci\u00f3n y construye en la sociedad una idea de cosa in\u00fatil e innecesaria. No es el momento de pinganillos ni de traductores. La cultura es algo muy importante, pero tambi\u00e9n lo es poder comer y la dignidad y el orgullo y que el ciudadano se sienta protegido por su Gobierno y por sus legisladores y no tener sensaci\u00f3n de abandonado. Ni vivir una bipolaridad de mundos diferentes; uno visto desde la irrealidad de la cima y otro desde la mas cruda realidad del suelo. <\/div>\n<p> Ahora que entramos en la fiesta de las campa\u00f1as electorales, la preocupaci\u00f3n mayor para los pol\u00edticos es el paro, el pueblo, la gente sencilla, una preocupaci\u00f3n que le quita el sue\u00f1o a pol\u00edticos durante los d\u00edas de <\/p>\n<!-- AddThis Advanced Settings generic via filter on the_content --><!-- AddThis Share Buttons generic via filter on the_content -->","protected":false},"excerpt":{"rendered":"<p>OPINI\u00d3N Babel DIEGO ALGABA MANSILLA * EL Espa\u00f1ol, como consecuencia de su proceso de expansi\u00f3n hist\u00f3rica, lo hablan casi 380 millones de personas en todo el mundo, siendo la lengua oficial de 22 pa\u00edses. El Espa\u00f1ol, lengua com\u00fan, hace que no nos sintamos extranjeros en m\u00e1s de medio mundo, al poder entendernos con nuestros semejantes [&hellip;]<!-- AddThis Advanced Settings generic via filter on get_the_excerpt --><!-- AddThis Share Buttons generic via filter on get_the_excerpt --><\/p>\n","protected":false},"author":10,"featured_media":0,"comment_status":"open","ping_status":"closed","sticky":false,"template":"","format":"standard","meta":[],"categories":[4],"tags":[],"_links":{"self":[{"href":"https:\/\/blogs.hoy.es\/migas-canas\/wp-json\/wp\/v2\/posts\/55"}],"collection":[{"href":"https:\/\/blogs.hoy.es\/migas-canas\/wp-json\/wp\/v2\/posts"}],"about":[{"href":"https:\/\/blogs.hoy.es\/migas-canas\/wp-json\/wp\/v2\/types\/post"}],"author":[{"embeddable":true,"href":"https:\/\/blogs.hoy.es\/migas-canas\/wp-json\/wp\/v2\/users\/10"}],"replies":[{"embeddable":true,"href":"https:\/\/blogs.hoy.es\/migas-canas\/wp-json\/wp\/v2\/comments?post=55"}],"version-history":[{"count":0,"href":"https:\/\/blogs.hoy.es\/migas-canas\/wp-json\/wp\/v2\/posts\/55\/revisions"}],"wp:attachment":[{"href":"https:\/\/blogs.hoy.es\/migas-canas\/wp-json\/wp\/v2\/media?parent=55"}],"wp:term":[{"taxonomy":"category","embeddable":true,"href":"https:\/\/blogs.hoy.es\/migas-canas\/wp-json\/wp\/v2\/categories?post=55"},{"taxonomy":"post_tag","embeddable":true,"href":"https:\/\/blogs.hoy.es\/migas-canas\/wp-json\/wp\/v2\/tags?post=55"}],"curies":[{"name":"wp","href":"https:\/\/api.w.org\/{rel}","templated":true}]}}