{"id":56,"date":"2011-06-18T15:53:00","date_gmt":"2011-06-18T15:53:00","guid":{"rendered":"http:\/\/blogs.hoy.es\/migas-canas\/?p=56"},"modified":"2011-06-18T15:53:00","modified_gmt":"2011-06-18T15:53:00","slug":"pedro-escobar","status":"publish","type":"post","link":"https:\/\/blogs.hoy.es\/migas-canas\/2011\/06\/18\/pedro-escobar\/","title":{"rendered":"PEDRO ESCOBAR"},"content":{"rendered":"<p><DIV id=story-texto class=p> <DIV class=p>Ya todos le conocemos. Sabemos que es maestro, que ha vivido en el extranjero, que practica pirag\u00fcismo, que se desplaza por la ciudad en bicicleta y que calza sandalias. Cae bien, tiene cara de simpaticote de buena persona. Lo que no sabemos es qu\u00e9 va a hacer. Todav\u00eda se ve su foto en lo alto de las farola de alg\u00fan pueblo. Es el comunista m\u00e1s popular, quiz\u00e1s por eso le gusta m\u00e1s Monago que Vara. Pero, \u00bfc\u00f3mo va a apoyar a un partido de derecha otro que se llama Izquierda Unida? Escobar tiene una llave a la que no encuentra cerradura. Su duda la soporta con resignaci\u00f3n, un ansioso Monago y un silencioso Vara, pero que no olvide que tambi\u00e9n esperan miles de extreme\u00f1os. IU tiene que tomar una decisi\u00f3n. Su l\u00edder tiene que resolver la situaci\u00f3n. No deber\u00eda, como dicen en la campa\u00f1a electoral, pensar en sus intereses, ni en el partido, sino en todas las personas que le han votado y en las que no le han votado; tiene que pensar en Extremadura y en los extreme\u00f1os. Que se decida por uno o por otro o por ninguno, pero que se decida, porque si no el simp\u00e1tico maestro, pirag\u00fcista y ciclista va a terminar con la paciencia de populares, socialistas y votantes y va a seguir alimentando el t\u00f3pico de que son iguales unos y otros. Y \u00e9l busca diferencias que no encuentra. <\/DIV> <DIV class=p><\/DIV><\/DIV><\/p>\n<!-- AddThis Advanced Settings generic via filter on the_content --><!-- AddThis Share Buttons generic via filter on the_content -->","protected":false},"excerpt":{"rendered":"<p>Ya todos le conocemos. Sabemos que es maestro, que ha vivido en el extranjero, que practica pirag\u00fcismo, que se desplaza por la ciudad en bicicleta y que calza sandalias. Cae bien, tiene cara de simpaticote de buena persona. Lo que no sabemos es qu\u00e9 va a hacer. Todav\u00eda se ve su foto en lo alto [&hellip;]<!-- AddThis Advanced Settings generic via filter on get_the_excerpt --><!-- AddThis Share Buttons generic via filter on get_the_excerpt --><\/p>\n","protected":false},"author":10,"featured_media":0,"comment_status":"open","ping_status":"closed","sticky":false,"template":"","format":"standard","meta":[],"categories":[4],"tags":[],"_links":{"self":[{"href":"https:\/\/blogs.hoy.es\/migas-canas\/wp-json\/wp\/v2\/posts\/56"}],"collection":[{"href":"https:\/\/blogs.hoy.es\/migas-canas\/wp-json\/wp\/v2\/posts"}],"about":[{"href":"https:\/\/blogs.hoy.es\/migas-canas\/wp-json\/wp\/v2\/types\/post"}],"author":[{"embeddable":true,"href":"https:\/\/blogs.hoy.es\/migas-canas\/wp-json\/wp\/v2\/users\/10"}],"replies":[{"embeddable":true,"href":"https:\/\/blogs.hoy.es\/migas-canas\/wp-json\/wp\/v2\/comments?post=56"}],"version-history":[{"count":0,"href":"https:\/\/blogs.hoy.es\/migas-canas\/wp-json\/wp\/v2\/posts\/56\/revisions"}],"wp:attachment":[{"href":"https:\/\/blogs.hoy.es\/migas-canas\/wp-json\/wp\/v2\/media?parent=56"}],"wp:term":[{"taxonomy":"category","embeddable":true,"href":"https:\/\/blogs.hoy.es\/migas-canas\/wp-json\/wp\/v2\/categories?post=56"},{"taxonomy":"post_tag","embeddable":true,"href":"https:\/\/blogs.hoy.es\/migas-canas\/wp-json\/wp\/v2\/tags?post=56"}],"curies":[{"name":"wp","href":"https:\/\/api.w.org\/{rel}","templated":true}]}}