{"id":561,"date":"2015-01-08T10:31:15","date_gmt":"2015-01-08T09:31:15","guid":{"rendered":"http:\/\/blogs.hoy.es\/migas-canas\/?p=561"},"modified":"2015-01-08T10:31:15","modified_gmt":"2015-01-08T09:31:15","slug":"un-dia-de-vacaciones","status":"publish","type":"post","link":"https:\/\/blogs.hoy.es\/migas-canas\/2015\/01\/08\/un-dia-de-vacaciones\/","title":{"rendered":"UN D\u00cdA DE VACACIONES"},"content":{"rendered":"<p><a href=\"\/migas-canas\/wp-content\/uploads\/sites\/8\/2015\/01\/LEROY.jpeg\"><img loading=\"lazy\" class=\"aligncenter size-full wp-image-562\" title=\"LEROY\" src=\"\/migas-canas\/wp-content\/uploads\/sites\/8\/2015\/01\/LEROY.jpeg\" alt=\"\" width=\"150\" height=\"113\" \/><\/a>Soy un privilegiado. Tengo la suerte de trabajar. <strong>Eleg\u00ed un oficio en el que era m\u00e1s importante para mi las tardes libres que el sueldo<\/strong>, aunque tengo que reconocer, que ahora, despu\u00e9s de tanto abaratar y ningunear mi trabajo, me preocupa el salario.<br \/>\n<strong> Estas navidad disfrute de un d\u00eda de vacaciones. Era martes. Fui a tiendas de ropa a las que nunca voy. Me agobia las aglomeraciones. Le tengo tirria al espejo del probador, a hacer colas con un pantal\u00f3n en la mano y una camisa en la otra<\/strong>. Cuando sal\u00ed de la tienda cog\u00ed el coche para vagabundear por la ciudad, una ciudad tranquila y desconocida para mi en una ma\u00f1ana de diario. <strong>Me met\u00ed en el<a href=\"\/migas-canas\/wp-content\/uploads\/sites\/8\/2015\/01\/leroy-tres.jpeg\"><img loading=\"lazy\" class=\"alignright size-thumbnail wp-image-567\" title=\"leroy tres\" src=\"\/migas-canas\/wp-content\/uploads\/sites\/8\/2015\/01\/leroy-tres.jpg\" alt=\"\" width=\"150\" height=\"150\" \/><\/a> pol\u00edgono del Nevero<\/strong> <strong>buscando la gasolinera,que seg\u00fan dicen, es m\u00e1s barat<\/strong>a. <strong>Siempre me pierdo en ese paisaje hostil de naves gigantes<\/strong> y calles sin nombres que me produce tristeza, u<strong>na urbanizaci\u00f3n pensada en lo pr\u00e1ctico sin ning\u00fan inter\u00e9s por lo est\u00e9tico<\/strong>. En mi deambular comprob\u00e9 que Talleres Remedios se hab\u00eda convertido en Gr\u00faas Guerrero, que algunas naves de chinos hab\u00edan cerrado,vi el parque de bomberos, el punto limpio, la I.T.V. busqu\u00e9 las Bodegas Maset, Pas\u00e9 por el almac\u00e9n de la Granja el Cruce, el del SES, Cristaler\u00eda Lomas, Verdi, Muebles Saito, Habitacle,llegu\u00e9 al tanatorio,vi el letrero de <strong>Leroy Merl\u00edn, entre por primera vez en<\/strong> <strong>el gigante del bricolaje<\/strong>, vi taladradoras. Pod\u00eda haber comprado una como la de mi vecino, esa que usa los domingos cuando estoy en casa. H<strong>ab\u00eda una secci\u00f3n de hachas y sierras tan bonitas y bien colocadas que entraban ganas de coger una para ir al bosque a cortar troncos como un aizcolari<\/strong>,vi tornillos, tuercas, puntas, arandelas&#8230; siempre me ha fascinado esa selva met\u00e1lica tan bien colocada en las estanter\u00edas. Recorr\u00ed el edificio,quer\u00eda comprar todas las herramientas,pero no sab\u00eda como se utilizaba ninguna. siempre he sentido envidia por los manitas que saben arreglar todas las aver\u00edas caseras. <strong>Me traje unas perchas para colgar camisas y unas pinzas de tender la ropa, era lo \u00fanico que sab\u00eda como utilizar.<\/strong> Cog\u00ed el coche, fui a <strong>Decathlon, chicas y chicos j\u00f3venes me sonre\u00edan , me daban los buenos d\u00edas, no creo que fuera por mi aspecto de atleta.<\/strong> Luego fui al mercadillo de los martes pero esto merece un art\u00edculo para \u00e9l solo y<strong> termine mi ma\u00f1ana de vacaciones con una ca\u00f1a escribiendo esta Plaza Alta en la Plaza Alta.<\/strong><\/p>\n<!-- AddThis Advanced Settings generic via filter on the_content --><!-- AddThis Share Buttons generic via filter on the_content -->","protected":false},"excerpt":{"rendered":"<p>Soy un privilegiado. Tengo la suerte de trabajar. Eleg\u00ed un oficio en el que era m\u00e1s importante para mi las tardes libres que el sueldo, aunque tengo que reconocer, que ahora, despu\u00e9s de tanto abaratar y ningunear mi trabajo, me preocupa el salario. Estas navidad disfrute de un d\u00eda de vacaciones. Era martes. Fui a [&hellip;]<!-- AddThis Advanced Settings generic via filter on get_the_excerpt --><!-- AddThis Share Buttons generic via filter on get_the_excerpt --><\/p>\n","protected":false},"author":10,"featured_media":0,"comment_status":"open","ping_status":"closed","sticky":false,"template":"","format":"standard","meta":[],"categories":[2],"tags":[158,297,512,639,809,857,865,895,1014,1068],"_links":{"self":[{"href":"https:\/\/blogs.hoy.es\/migas-canas\/wp-json\/wp\/v2\/posts\/561"}],"collection":[{"href":"https:\/\/blogs.hoy.es\/migas-canas\/wp-json\/wp\/v2\/posts"}],"about":[{"href":"https:\/\/blogs.hoy.es\/migas-canas\/wp-json\/wp\/v2\/types\/post"}],"author":[{"embeddable":true,"href":"https:\/\/blogs.hoy.es\/migas-canas\/wp-json\/wp\/v2\/users\/10"}],"replies":[{"embeddable":true,"href":"https:\/\/blogs.hoy.es\/migas-canas\/wp-json\/wp\/v2\/comments?post=561"}],"version-history":[{"count":0,"href":"https:\/\/blogs.hoy.es\/migas-canas\/wp-json\/wp\/v2\/posts\/561\/revisions"}],"wp:attachment":[{"href":"https:\/\/blogs.hoy.es\/migas-canas\/wp-json\/wp\/v2\/media?parent=561"}],"wp:term":[{"taxonomy":"category","embeddable":true,"href":"https:\/\/blogs.hoy.es\/migas-canas\/wp-json\/wp\/v2\/categories?post=561"},{"taxonomy":"post_tag","embeddable":true,"href":"https:\/\/blogs.hoy.es\/migas-canas\/wp-json\/wp\/v2\/tags?post=561"}],"curies":[{"name":"wp","href":"https:\/\/api.w.org\/{rel}","templated":true}]}}