{"id":57,"date":"2011-06-28T09:02:00","date_gmt":"2011-06-28T09:02:00","guid":{"rendered":"http:\/\/blogs.hoy.es\/migas-canas\/?p=57"},"modified":"2011-06-28T09:02:00","modified_gmt":"2011-06-28T09:02:00","slug":"feria-san-juan","status":"publish","type":"post","link":"https:\/\/blogs.hoy.es\/migas-canas\/2011\/06\/28\/feria-san-juan\/","title":{"rendered":"FERIA DE SAN JUAN"},"content":{"rendered":"<p>   <meta http-equiv=\"CONTENT-TYPE\" content=\"text\/html; charset=utf-8\"><title><\/title><meta name=\"GENERATOR\" content=\"OpenOffice.org 2.2  (Linux)\"><meta name=\"CREATED\" content=\"20110620;13033700\"><meta name=\"CHANGED\" content=\"16010101;2000000\">     <\/p>\n<style type=\"text\/css\">  <\/style>\n<p style=\"margin-bottom: 0cm;\">\n<p style=\"margin-bottom: 0cm;\">\n<p style=\"margin-bottom: 0cm;\">Es temprano. Empieza a hacer calor. Es buen momento para ir en bicicleta porque cualquier momento es bueno para montar en bicicleta. Como todos los d\u00edas festivo paso por la avenida de Elvas d\u00e1ndole a los pedales en esta ma\u00f1ana que empieza a desperezarse entre el joven trasnochador y el carroza  deportista de edad similar a Sabina. Hoy, es diferente al resto del a\u00f1o, estamos en la pen\u00faltima semana de junio. Ha empezado la feria.En la tarde de ayer vi a  j\u00f3venes, que vestidos con sus mejores galas, calzoncillos de colorines que sobresalen de unos pantalones ca\u00eddos,  camisetas rotas, zapatos de tac\u00f3n  y ombligos al aire, pasaban dejando un rastro de perfume con el olor intenso del deseo juvenil por  la avenida de Elvas,la misma avenida, que el resto del a\u00f1o, huele a linimentos de ciclistas y corredores  tomando dosis de placer endorf\u00ednico que produce el esfuerzo deportivo. Hoy por la ma\u00f1ana, los j\u00f3venes caminan direcci\u00f3n a casa. Ellas con los zapatos de tac\u00f3n,que sirvieron la noche anterior para embellecer un cuerpo que ya  es bello por su juventud,en la mano. Ellos con la camiseta quitada. Todos derrotado despu\u00e9s de una  intensa noche de m\u00fasica y alcohol. Cuerpos que se sostienen gracias al bamboleo de andares cansino y parsimonioso apoyados en unas piernas que responden a la energ\u00eda intacta de los pocos a\u00f1os.Se llaman unos a otros socios y colegas ahora que ha perdido valor la palabra camarada. Entro en el recinto ferial con la bici mientras oigo una sirena de Cruz Roja.Este a\u00f1o algo ha cambiado, y no solo porque los populares gobiernen extremadura.  si no, porque adem\u00e1s de los llamativos uniformes de municipales, polic\u00edas,cruz roja,guardias jurados y protecci\u00f3n civil, se ven a grupos de hombres y mujeres de verde  que limpian  y arreglan los desperfectos de una noche larga que dura desde la luna hasta el sol. Todav\u00eda no hemos desarrollado la educaci\u00f3n civica y seguimos tirando las cosas al suelo. A la altura de las casetas, un grupo, bailan con movimientos el\u00e9ctrico al ritmo que marca los potentes altavoces de un coche tuneado desde donde grita Lady Gaga. Desde todo el ferial y muchos sitios de Badajoz se ve la noria verde gigante que no para de girar como si fuese una de las ruedas de la fortuna.Al final del recorrido se amontonan  camiones de feriantes, casas andantes habitadas por  propietarios de t\u00f3mbolas y  cacharritos. esos que viven la aventura de llevar la casa a cuesta por todos los recintos feriales de Espa\u00f1a. En la entrada de Lusiberia, sembradas en el asfalto, emergen tiendas de campa\u00f1a donde unos hombres altos, delgados de piel muy negra guardan su  mercanc\u00eda: pendientes,elefantes de madera, mochilas, relojes y mil cosas m\u00e1s que intentan vender en la feria.eludiendo a la polic\u00eda. A lo lejos se oye la m\u00fasica de Camela que como un flautista de Hamelin nos gu\u00eda hasta el lugar que ocupan los coches chocantes, la caseta del pp es una de las m\u00e1s lujosas. La de izquierda unida es m\u00e1s sobrias, el a\u00f1o pr\u00f3ximo, una le dar\u00e1 lujo a la otra, o quiz\u00e1s la del pp se transforme en austera,aunque no creo  porque estas cosas igualan por arriba y no por abajo. Algunos, derrotados, se suben a los taxis cuando todav\u00eda no se han bajado de la nube. De regreso casa. Montado en mi bicicleta veo, a mitad de la avenida, a unos camareros que ayer serv\u00edan a un p\u00fablico de brillantina y largas patillas, manzanilla y raciones de jam\u00f3n, mientras se celebraba  el concurso de acoso y derribo y hoy atienden a los que toman cerveza con  tapa de panceta en el d\u00eda de la carrera de galgos.Me voy d\u00e1ndole a los pedales y pensando que esta tambi\u00e9n es mi feria.<\/p>\n<!-- AddThis Advanced Settings generic via filter on the_content --><!-- AddThis Share Buttons generic via filter on the_content -->","protected":false},"excerpt":{"rendered":"<p>Es temprano. Empieza a hacer calor. Es buen momento para ir en bicicleta porque cualquier momento es bueno para montar en bicicleta. Como todos los d\u00edas festivo paso por la avenida de Elvas d\u00e1ndole a los pedales en esta ma\u00f1ana que empieza a desperezarse entre el joven trasnochador y el carroza deportista de edad similar [&hellip;]<!-- AddThis Advanced Settings generic via filter on get_the_excerpt --><!-- AddThis Share Buttons generic via filter on get_the_excerpt --><\/p>\n","protected":false},"author":10,"featured_media":0,"comment_status":"open","ping_status":"closed","sticky":false,"template":"","format":"standard","meta":[],"categories":[4],"tags":[],"_links":{"self":[{"href":"https:\/\/blogs.hoy.es\/migas-canas\/wp-json\/wp\/v2\/posts\/57"}],"collection":[{"href":"https:\/\/blogs.hoy.es\/migas-canas\/wp-json\/wp\/v2\/posts"}],"about":[{"href":"https:\/\/blogs.hoy.es\/migas-canas\/wp-json\/wp\/v2\/types\/post"}],"author":[{"embeddable":true,"href":"https:\/\/blogs.hoy.es\/migas-canas\/wp-json\/wp\/v2\/users\/10"}],"replies":[{"embeddable":true,"href":"https:\/\/blogs.hoy.es\/migas-canas\/wp-json\/wp\/v2\/comments?post=57"}],"version-history":[{"count":0,"href":"https:\/\/blogs.hoy.es\/migas-canas\/wp-json\/wp\/v2\/posts\/57\/revisions"}],"wp:attachment":[{"href":"https:\/\/blogs.hoy.es\/migas-canas\/wp-json\/wp\/v2\/media?parent=57"}],"wp:term":[{"taxonomy":"category","embeddable":true,"href":"https:\/\/blogs.hoy.es\/migas-canas\/wp-json\/wp\/v2\/categories?post=57"},{"taxonomy":"post_tag","embeddable":true,"href":"https:\/\/blogs.hoy.es\/migas-canas\/wp-json\/wp\/v2\/tags?post=57"}],"curies":[{"name":"wp","href":"https:\/\/api.w.org\/{rel}","templated":true}]}}