{"id":570,"date":"2015-01-22T10:19:36","date_gmt":"2015-01-22T09:19:36","guid":{"rendered":"http:\/\/blogs.hoy.es\/migas-canas\/?p=570"},"modified":"2015-01-22T10:19:36","modified_gmt":"2015-01-22T09:19:36","slug":"por-que-no-escribes-de","status":"publish","type":"post","link":"https:\/\/blogs.hoy.es\/migas-canas\/2015\/01\/22\/por-que-no-escribes-de\/","title":{"rendered":"\u00bfPOR QU\u00c9 NO ESCRIBES DE&#8230;?"},"content":{"rendered":"<p><span style=\"font-size: small;\"><strong><a href=\"\/migas-canas\/wp-content\/uploads\/sites\/8\/2015\/01\/mail.google.com_.jpeg\"><img loading=\"lazy\" class=\"aligncenter size-thumbnail wp-image-571\" title=\"mail.google.com\" src=\"\/migas-canas\/wp-content\/uploads\/sites\/8\/2015\/01\/mail.google.com_.jpg\" alt=\"\" width=\"150\" height=\"150\" \/><\/a>Algunas veces me paran por la calle y me cuentan cosas para que las escriba en el peri\u00f3dico<\/strong>.<strong> Me siento halagado sabiendo que hay personas que me leen. Por eso, y aunque me resulte dif\u00edcil narrar lo que no he visto, escribo algunas de esas cosas.<\/strong><\/span><\/p>\n<p><span style=\"font-size: small;\"><strong>Conozco a \u00c1ngel Bote desde que empec\u00e9 a trabajar en el antiguo insalud<\/strong>. Yo ten\u00eda 25 a\u00f1os y \u00e9l algunos m\u00e1s, era visitador m\u00e9dico y ahora<a href=\"\/migas-canas\/wp-content\/uploads\/sites\/8\/2015\/01\/mail.gooiglesi.com_1.jpeg\"><img loading=\"lazy\" class=\"alignright size-thumbnail wp-image-574\" title=\"mail.gooiglesi.com\" src=\"\/migas-canas\/wp-content\/uploads\/sites\/8\/2015\/01\/mail.gooiglesi.com_1.jpg\" alt=\"\" width=\"150\" height=\"150\" \/><\/a> est\u00e1 jubilado.<\/span><\/p>\n<p><span style=\"font-size: small;\"><strong>\u00c1ngel no cuenta batallitas de sus comienzos en la profesi\u00f3n<\/strong>, cuando se quedaba en fr\u00edas pensiones de pueblos para realizar su trabajo por peque\u00f1os y lejanos consultorios, donde el m\u00e9dico permanec\u00eda 24 horas al d\u00eda todos los d\u00edas de a\u00f1o. <strong>El visitador informaba, adem\u00e1s de las novedades en medicamentos, de como iba el mundo. <\/strong><\/span><\/p>\n<p><strong><span style=\"font-size: small;\"><a href=\"\/migas-canas\/wp-content\/uploads\/sites\/8\/2015\/01\/mail.google.call_.jpeg\"><img loading=\"lazy\" class=\"alignleft size-thumbnail wp-image-572\" title=\"mail.google.call\" src=\"\/migas-canas\/wp-content\/uploads\/sites\/8\/2015\/01\/mail.google.call_.jpg\" alt=\"\" width=\"124\" height=\"150\" \/><\/a>\u00c1ngel habl\u00e1 de la Terraza del L\u00f3pez, del San Francisco de los bailes amenizados por los Play Boys donde conoci\u00f3 a su mujer Josefina.<\/span><\/strong><\/p>\n<p><span style=\"font-size: small;\">Me dice: puedes escribir en el peri\u00f3dico que en la terraza del <strong>L\u00f3pez, adem\u00e1s de bailes, hab\u00eda partidos de baloncesto, boxeo y hasta pases de modelo<\/strong>. Su padre, <strong>Pedro Bote<\/strong>, era jefe de operadores. Me dice que ponga que los ayudantes de maquinista eran<strong> Felix Leon<\/strong> y<strong> Jos\u00e9 Ben\u00edtez<\/strong>. Aunque le advierto que es dif\u00edcil que un art\u00edculo quede entretenido con tanto nombres, insiste en que el <strong>encargado de cartelera y propaganda era Migue<\/strong>l Tejero, y que a la feria de San Juan ven\u00eda, <strong>Lina Morgan, Andr\u00e9s Pajares, Tony Leblanc.<\/strong> Me ha contado alguna an\u00e9cdota de Juanito Navarro cuando celebraba su santo en la Marina. <\/span><\/p>\n<p><span style=\"font-size: small;\">Este visitador m\u00e9dico jubilado,que viv\u00eda en el L\u00f3pez cuando era j\u00f3ven, no habla de las innumerables an\u00e9cdota vividas por pueblos peque\u00f1os de C\u00e1ceres y Badajoz. \u00c1ngel<strong> se emociona hablando de Audry Hepburn de \u201cVacaciones en Roma\u201d o de \u201cDesayunos con diamantes\u201d.<\/strong><\/span><\/p>\n<p><strong>Me dice Federico que entre la doble fila y los coches que se saltan el sem\u00e1foro en rojo de Juan Sebasti\u00e1n Elcano,<\/strong> el que esta frente al pasaje de Zafer, no puede salir de la cochera. El frutero hace de municipal indic\u00e1ndole cuando puede incorporarse a la autov\u00eda<a href=\"\/migas-canas\/wp-content\/uploads\/sites\/8\/2015\/01\/farmaciam.jpeg\"><img loading=\"lazy\" class=\"alignright size-thumbnail wp-image-576\" title=\"farmaciam\" src=\"\/migas-canas\/wp-content\/uploads\/sites\/8\/2015\/01\/farmaciam.jpg\" alt=\"\" width=\"150\" height=\"150\" \/><\/a><\/p>\n<p><span style=\"font-size: small;\"><strong>Me pregunta An<\/strong>a \u00bfPor qu\u00e9 no escribes en el peri\u00f3dico que en la esquina de Juan Pereda Pila y Fernando Calzadilla todas las ma\u00f1anas hay una enorme cola para coger un peri\u00f3dico gratis? Le contesto qu<strong>e eso ya lo ha escrito Manolo L\u00f3pez<\/strong>, que tiene m\u00e1s arte que yo y ha bautizado a este rinc\u00f3n como la esquina educativa.<\/span><\/p>\n<p>&nbsp;<\/p>\n<p>&nbsp;<\/p>\n<p>&nbsp;<\/p>\n<!-- AddThis Advanced Settings generic via filter on the_content --><!-- AddThis Share Buttons generic via filter on the_content -->","protected":false},"excerpt":{"rendered":"<p>Algunas veces me paran por la calle y me cuentan cosas para que las escriba en el peri\u00f3dico. Me siento halagado sabiendo que hay personas que me leen. Por eso, y aunque me resulte dif\u00edcil narrar lo que no he visto, escribo algunas de esas cosas. Conozco a \u00c1ngel Bote desde que empec\u00e9 a trabajar [&hellip;]<!-- AddThis Advanced Settings generic via filter on get_the_excerpt --><!-- AddThis Share Buttons generic via filter on get_the_excerpt --><\/p>\n","protected":false},"author":10,"featured_media":0,"comment_status":"open","ping_status":"closed","sticky":false,"template":"","format":"standard","meta":[],"categories":[2],"tags":[47,51,78,102,175,336,558,649,686,860,942,1028,1046],"_links":{"self":[{"href":"https:\/\/blogs.hoy.es\/migas-canas\/wp-json\/wp\/v2\/posts\/570"}],"collection":[{"href":"https:\/\/blogs.hoy.es\/migas-canas\/wp-json\/wp\/v2\/posts"}],"about":[{"href":"https:\/\/blogs.hoy.es\/migas-canas\/wp-json\/wp\/v2\/types\/post"}],"author":[{"embeddable":true,"href":"https:\/\/blogs.hoy.es\/migas-canas\/wp-json\/wp\/v2\/users\/10"}],"replies":[{"embeddable":true,"href":"https:\/\/blogs.hoy.es\/migas-canas\/wp-json\/wp\/v2\/comments?post=570"}],"version-history":[{"count":0,"href":"https:\/\/blogs.hoy.es\/migas-canas\/wp-json\/wp\/v2\/posts\/570\/revisions"}],"wp:attachment":[{"href":"https:\/\/blogs.hoy.es\/migas-canas\/wp-json\/wp\/v2\/media?parent=570"}],"wp:term":[{"taxonomy":"category","embeddable":true,"href":"https:\/\/blogs.hoy.es\/migas-canas\/wp-json\/wp\/v2\/categories?post=570"},{"taxonomy":"post_tag","embeddable":true,"href":"https:\/\/blogs.hoy.es\/migas-canas\/wp-json\/wp\/v2\/tags?post=570"}],"curies":[{"name":"wp","href":"https:\/\/api.w.org\/{rel}","templated":true}]}}