{"id":577,"date":"2015-01-26T10:28:09","date_gmt":"2015-01-26T09:28:09","guid":{"rendered":"http:\/\/blogs.hoy.es\/migas-canas\/?p=577"},"modified":"2015-01-26T10:28:09","modified_gmt":"2015-01-26T09:28:09","slug":"llerena-la-foto","status":"publish","type":"post","link":"https:\/\/blogs.hoy.es\/migas-canas\/2015\/01\/26\/llerena-la-foto\/","title":{"rendered":"LLERENA, LA FOTO"},"content":{"rendered":"<p><strong><a href=\"\/migas-canas\/wp-content\/uploads\/sites\/8\/2015\/01\/images.jpeg\"><img loading=\"lazy\" class=\"aligncenter size-full wp-image-578\" title=\"images\" src=\"\/migas-canas\/wp-content\/uploads\/sites\/8\/2015\/01\/images.jpeg\" alt=\"\" width=\"124\" height=\"92\" \/><\/a>Vi en el peri\u00f3dico la presentaci\u00f3n del HOY en Lleren<\/strong>a. Siempre que me encuentro algo relacionado con el pueblo me entra un cosquilleo que se transforma en curiosidad. Leo con atenci\u00f3n. Miro las im\u00e1genes para ver si conozco a alguien.<strong> Cuando vi la foto sent\u00ed el deseo de escribir.<\/strong> Un impulso que me hizo encender el ordenador y empezar a teclear como si ese soniquete de los dedos contra las teclas me transportasen hasta all\u00ed <strong>haciendo que me sintiera parte del p\u00fablico que ojeaba el peri\u00f3dico<\/strong>. Me puse a escribir sin nada que decir; sin ninguna historia que contar; un acto mec\u00e1nico que me <a href=\"\/migas-canas\/wp-content\/uploads\/sites\/8\/2015\/01\/ARBOLEScom.jpeg\"><img loading=\"lazy\" class=\"alignleft size-thumbnail wp-image-579\" title=\"ARBOLEScom\" src=\"\/migas-canas\/wp-content\/uploads\/sites\/8\/2015\/01\/ARBOLEScom.jpg\" alt=\"\" width=\"150\" height=\"150\" \/><\/a>transporta, a trav\u00e9s del teclado, a mi pueblo, y que hace que piense en que los a\u00f1os no han pasado; <strong>que fue ayer cuando dije adi\u00f3s a un tiempo que siempre estar\u00eda presente en mi futuro.<\/strong> <strong>Cuando vi la foto me puse a escribir para estar ah\u00ed, con los mios.<\/strong> Para sentir que era uno m\u00e1s de los que estaban sentado en las butacas de la Merced . <strong>Me emociona ver Llerena en el HOY.<\/strong> Me gusta tener la facilidad de entrar a diario a indagar en las noticias del pueblo, en sus cotidianidades ,saber como le va a la gente, que hacen, que cosas pasan. Me gusta ver las calles, leer las noticias. Cuando me vine de Llerena hab\u00eda amigos que me ten\u00edan informados por tel\u00e9fono. Ahora, que la tecnolog\u00eda forma parte de nuestras vidas, mi v\u00ednculo con el pueblo es a trav\u00e9s del ordenador. <strong>Juan Francisco Caro Pilar en facebok me hace disfrutar con sus fotos al recorrer con la c\u00e1mara los lugares que yo frecuentaba a pie, en bici y en coche. Los atardeceres de Fuente del Arco, la carretera de Trasierra, de Ahillones, el parque de La Albuera, el Castillo de Reina. La calle Aurora, la de Cruz,Avileses, el bar del Soga, el Luque<\/strong> todo aderezado con su prosa <a href=\"\/migas-canas\/wp-content\/uploads\/sites\/8\/2015\/01\/LLERENA.jpeg\"><img loading=\"lazy\" class=\"alignright size-thumbnail wp-image-580\" title=\"LLERENA\" src=\"\/migas-canas\/wp-content\/uploads\/sites\/8\/2015\/01\/LLERENA.jpg\" alt=\"\" width=\"150\" height=\"150\" \/><\/a>po\u00e9tica. Cuando veo cosas del pueblo no puedo evitar emocionarme..<br \/>\nDe vez en cuando me encuentro en Badajoz con alg\u00fan Llerenense. Hablamos del pueblo. <strong>Pertenezco a ese grupo al que llamo los nost\u00e1lgicos de Llerena<\/strong>, porque aunque no haya nacido ah\u00ed, siento Llerena mio. Uno es de donde ama, de donde sufre, de donde le duele las cosas el lugar donde se crea un vinculo del que ya no se puedes prescindir<br \/>\n<strong>Ayer vi en el peri\u00f3dico una foto de mi pueblo y me arranque a escribir.<\/strong><\/p>\n<!-- AddThis Advanced Settings generic via filter on the_content --><!-- AddThis Share Buttons generic via filter on the_content -->","protected":false},"excerpt":{"rendered":"<p>Vi en el peri\u00f3dico la presentaci\u00f3n del HOY en Llerena. Siempre que me encuentro algo relacionado con el pueblo me entra un cosquilleo que se transforma en curiosidad. Leo con atenci\u00f3n. Miro las im\u00e1genes para ver si conozco a alguien. Cuando vi la foto sent\u00ed el deseo de escribir. Un impulso que me hizo encender [&hellip;]<!-- AddThis Advanced Settings generic via filter on get_the_excerpt --><!-- AddThis Share Buttons generic via filter on get_the_excerpt --><\/p>\n","protected":false},"author":10,"featured_media":0,"comment_status":"open","ping_status":"closed","sticky":false,"template":"","format":"standard","meta":[],"categories":[3],"tags":[23,94,475,572,1032],"_links":{"self":[{"href":"https:\/\/blogs.hoy.es\/migas-canas\/wp-json\/wp\/v2\/posts\/577"}],"collection":[{"href":"https:\/\/blogs.hoy.es\/migas-canas\/wp-json\/wp\/v2\/posts"}],"about":[{"href":"https:\/\/blogs.hoy.es\/migas-canas\/wp-json\/wp\/v2\/types\/post"}],"author":[{"embeddable":true,"href":"https:\/\/blogs.hoy.es\/migas-canas\/wp-json\/wp\/v2\/users\/10"}],"replies":[{"embeddable":true,"href":"https:\/\/blogs.hoy.es\/migas-canas\/wp-json\/wp\/v2\/comments?post=577"}],"version-history":[{"count":0,"href":"https:\/\/blogs.hoy.es\/migas-canas\/wp-json\/wp\/v2\/posts\/577\/revisions"}],"wp:attachment":[{"href":"https:\/\/blogs.hoy.es\/migas-canas\/wp-json\/wp\/v2\/media?parent=577"}],"wp:term":[{"taxonomy":"category","embeddable":true,"href":"https:\/\/blogs.hoy.es\/migas-canas\/wp-json\/wp\/v2\/categories?post=577"},{"taxonomy":"post_tag","embeddable":true,"href":"https:\/\/blogs.hoy.es\/migas-canas\/wp-json\/wp\/v2\/tags?post=577"}],"curies":[{"name":"wp","href":"https:\/\/api.w.org\/{rel}","templated":true}]}}