{"id":58,"date":"2011-06-24T17:50:00","date_gmt":"2011-06-24T17:50:00","guid":{"rendered":"http:\/\/blogs.hoy.es\/migas-canas\/?p=58"},"modified":"2011-06-24T17:50:00","modified_gmt":"2011-06-24T17:50:00","slug":"estampas-san-juan","status":"publish","type":"post","link":"https:\/\/blogs.hoy.es\/migas-canas\/2011\/06\/24\/estampas-san-juan\/","title":{"rendered":"ESTAMPAS DE SAN JUAN"},"content":{"rendered":"<p>  <P style=\"MARGIN-BOTTOM: 0cm\"><\/p>\n<p> <P style=\"MARGIN-BOTTOM: 0cm\">Fui a tomar una cerveza al casco antiguo. Me puse en el rinc\u00f3n de la barra de la cacharrer\u00eda. No hab\u00eda muchos p\u00fablico para ser un d\u00eda de feria.La actuaci\u00f3n flamenca programada se hab\u00eda suspendido. Me fije en ellos porque me llam\u00f3 la atenci\u00f3n sus cara de amargado. Estaban solos. sentados en una mesa. No se dirig\u00edan la palabra, tampoco la mirada. Vest\u00edan con ropa de Cortefiel. Ten\u00edan aspectos de haber sido guapos, todav\u00eda lo eran.Les calcule unos cincuenta a\u00f1os, ella unos ojos grandes de color verde y un bonito pelo rubio. \u00c9l, abundante pelo negro que conservaba perfectamente, llevaba unas gafas que colgaban de una cadena roja. \u00c9l la miraba de soslayo con cara de asco cuando untaba el pat\u00e9. Ella com\u00eda haciendo un gesto extra\u00f1o, mov\u00eda la boca con nerviosismo.Ella,le mir\u00f3,le dijo algo. \u00c9l, ni se inmuto.No contest\u00f3 y siguio mirando al frente. Ser\u00edan un matrimonios de muchos a\u00f1os que habr\u00eda salido a disfrutar de la feria,quiz\u00e1s \u00e9l se llamase Juan o ella Juana. Segu\u00edan sin hablarse. Untaban pat\u00e9 de un plato com\u00fan por turnos para no coincidir ni con el cuchillo ni con la mirada. Entonces aparecio ella. Tendr\u00eda unos treinta a\u00f1os. Llevaba una camisa blanca con mucho escote, una pelo largo y ondulado, unos pantalones vaqueros ce\u00f1idos. A \u00e9l, se le fue dibujando una sonrisa en la cara. Ella, segu\u00eda untando pat\u00e9 y comiendo con el movimiento raro de masticaci\u00f3n m\u00e1s acentuado. \u00c9l. cada vez estaba m\u00e1s embelesado mirando a la muchacha, una sonrisa bobalicona se dibujaba en su cara. Al fin habl\u00f3.Se puso las gafas,con gesto serio y sin mirar a la mujer. Dijo \u201cme parece que esa la conozco de algo\u201d. Ella ni le mir\u00f3 ni contest\u00f3, sigu\u00edo untando antes de irse a los fuegos artificiales.<\/p>\n<p> <P style=\"MARGIN-BOTTOM: 0cm\">Ellos se fueron y yo me quede all\u00ed solo bebiendo cerveza en un rinc\u00f3n el d\u00eda de San Juan.<\/p>\n<!-- AddThis Advanced Settings generic via filter on the_content --><!-- AddThis Share Buttons generic via filter on the_content -->","protected":false},"excerpt":{"rendered":"<p>Fui a tomar una cerveza al casco antiguo. Me puse en el rinc\u00f3n de la barra de la cacharrer\u00eda. No hab\u00eda muchos p\u00fablico para ser un d\u00eda de feria.La actuaci\u00f3n flamenca programada se hab\u00eda suspendido. Me fije en ellos porque me llam\u00f3 la atenci\u00f3n sus cara de amargado. Estaban solos. sentados en una mesa. No [&hellip;]<!-- AddThis Advanced Settings generic via filter on get_the_excerpt --><!-- AddThis Share Buttons generic via filter on get_the_excerpt --><\/p>\n","protected":false},"author":10,"featured_media":0,"comment_status":"open","ping_status":"closed","sticky":false,"template":"","format":"standard","meta":[],"categories":[4],"tags":[],"_links":{"self":[{"href":"https:\/\/blogs.hoy.es\/migas-canas\/wp-json\/wp\/v2\/posts\/58"}],"collection":[{"href":"https:\/\/blogs.hoy.es\/migas-canas\/wp-json\/wp\/v2\/posts"}],"about":[{"href":"https:\/\/blogs.hoy.es\/migas-canas\/wp-json\/wp\/v2\/types\/post"}],"author":[{"embeddable":true,"href":"https:\/\/blogs.hoy.es\/migas-canas\/wp-json\/wp\/v2\/users\/10"}],"replies":[{"embeddable":true,"href":"https:\/\/blogs.hoy.es\/migas-canas\/wp-json\/wp\/v2\/comments?post=58"}],"version-history":[{"count":0,"href":"https:\/\/blogs.hoy.es\/migas-canas\/wp-json\/wp\/v2\/posts\/58\/revisions"}],"wp:attachment":[{"href":"https:\/\/blogs.hoy.es\/migas-canas\/wp-json\/wp\/v2\/media?parent=58"}],"wp:term":[{"taxonomy":"category","embeddable":true,"href":"https:\/\/blogs.hoy.es\/migas-canas\/wp-json\/wp\/v2\/categories?post=58"},{"taxonomy":"post_tag","embeddable":true,"href":"https:\/\/blogs.hoy.es\/migas-canas\/wp-json\/wp\/v2\/tags?post=58"}],"curies":[{"name":"wp","href":"https:\/\/api.w.org\/{rel}","templated":true}]}}