{"id":589,"date":"2015-02-20T09:01:51","date_gmt":"2015-02-20T08:01:51","guid":{"rendered":"http:\/\/blogs.hoy.es\/migas-canas\/?p=589"},"modified":"2015-02-20T09:01:51","modified_gmt":"2015-02-20T08:01:51","slug":"el-mercantil","status":"publish","type":"post","link":"https:\/\/blogs.hoy.es\/migas-canas\/2015\/02\/20\/el-mercantil\/","title":{"rendered":"EL MERCANTIL"},"content":{"rendered":"<div id=\"attachment_597\" style=\"width: 162px\" class=\"wp-caption aligncenter\"><a href=\"\/migas-canas\/wp-content\/uploads\/sites\/8\/2015\/02\/LOLAmail.google.com_.jpeg\"><img aria-describedby=\"caption-attachment-597\" loading=\"lazy\" class=\" wp-image-597\" title=\"LOLA K. CANTOS\" src=\"\/migas-canas\/wp-content\/uploads\/sites\/8\/2015\/02\/LOLAmail.google.com_.jpg\" alt=\"FOTOGRAF\u00cdA DE LOLA K.CANTOS\" width=\"152\" height=\"148\" \/><\/a><p id=\"caption-attachment-597\" class=\"wp-caption-text\">FOTOGRAF\u00cdA DE LOLA K.CANTOS<\/p><\/div>\n<p><strong>Siempre quise escribir un art\u00edculo de la noche pacense, de los bares nocturnos, de<\/strong> <strong>regresar a casa de d\u00eda, de esa vida canalla que no hago desde que descubr\u00ed el placer del aire fresco de la ma\u00f1ana, del aroma a caf\u00e9 sin sabor a tabaco,sin el desasosiego de la noche vibrando en mi cuerpo<\/strong>.<\/p>\n<p><strong>Me gustar\u00eda haber escrito de aquel que alguna noche hubiese querido ser y nunca fui<\/strong>. Pero tengo poco que contar,<strong>nunca regres\u00e9 a<\/strong><\/p>\n<div id=\"attachment_596\" style=\"width: 134px\" class=\"wp-caption alignleft\"><a href=\"\/migas-canas\/wp-content\/uploads\/sites\/8\/2015\/02\/saramail.google.com_1.jpeg\"><img aria-describedby=\"caption-attachment-596\" loading=\"lazy\" class=\"size-thumbnail wp-image-596\" title=\"Sara\" src=\"\/migas-canas\/wp-content\/uploads\/sites\/8\/2015\/02\/saramail.google.com_1.jpg\" alt=\"Sara\" width=\"124\" height=\"150\" \/><\/a><p id=\"caption-attachment-596\" class=\"wp-caption-text\">Sara<\/p><\/div>\n<p><strong>casa de madrugada con una desconocida, ni tuve relaci\u00f3n con droga, ni frecuente esos ambientes s\u00f3rdidos de humo, medias rotas, r\u00edmel corrido y m\u00fasica de jazz<\/strong>. Siempre volv\u00eda solo y me queda dormido en el sof\u00e1 con un libro en la mano. <strong>Mis contadas conquistas nunca se dieron en noches de cazadora de cuero con las solapas subidas en las que era el que no era<\/strong>. Me estoy acordando de esto porque he conocido a<strong> Sara<\/strong>. Tiene 30 a\u00f1os y trabaja para Cruz Roja. <strong>Sara me dice que va a los conciertos del Mercantil,<\/strong> ese bar que yo tambi\u00e9n frecuent\u00e9. <strong>Ella va para escuchar m\u00fasica y no por ser el \u00faltimo que cierra como hacia yo<\/strong>. Dice que ha visto a un grupo que hace m\u00fasica ska, no se que contestar, no se a que estilo de m\u00fasica se refiere. Dice que un d\u00eda vaya a un concierto, me cuenta que <strong>su novio, Javier, tocaba el bajo en un grupo que se llamaba\u00a0 \u201cA Groso modo\u201d<\/strong> \u00c9l, estudio magisterio, aunque lo que m\u00e1s le gusta es la m\u00fasica se gana la vida trabajando dos horas en una guarder\u00eda biling\u00fce de las Vaguadas. Ella es de Madrid, tambi\u00e9n<a href=\"\/migas-canas\/wp-content\/uploads\/sites\/8\/2015\/02\/mail.google.com_.jpeg\"><img loading=\"lazy\" class=\"alignright  wp-image-592\" title=\"mail.google.com\" src=\"\/migas-canas\/wp-content\/uploads\/sites\/8\/2015\/02\/mail.google.com_.jpg\" alt=\"\" width=\"231\" height=\"231\" \/><\/a> maestra, se conocieron en <strong>Brighton,<\/strong> los dos coincidieron aprendido ingl\u00e9s, La juventud tiene una forma diferente de relacionarse, se mueven con soltura entre aeropuertos y maletas, se conocen y se enamoran, personas de distintas ciudades, pa\u00edses y culturas mientras mi generaci\u00f3n, como mucho, nos emparej\u00e1bamos con mujeres <strong>de Olivenza que conoc\u00edamos en la Max Power, Colon en Montijo o la Maikel de M\u00e9rida.<\/strong><\/p>\n<p>Estaba pensando en lo que me dijo Sara: \u201cun d\u00eda tienes que ir a un concierto del Mercantil\u201d mientras oigo trastear en la habitaci\u00f3n del al lado a mi ni\u00f1a y pienso <strong>\u00bfdonde voy a ir?, si la m\u00fasica que m\u00e1s me gusta la tengo aqu\u00ed, en casa, entonada <a href=\"\/migas-canas\/wp-content\/uploads\/sites\/8\/2015\/02\/OVEJAmail.google.com_.jpeg\"><img loading=\"lazy\" class=\"alignleft  wp-image-593\" title=\"OVEJAmail.google.com\" src=\"\/migas-canas\/wp-content\/uploads\/sites\/8\/2015\/02\/OVEJAmail.google.com_.jpg\" alt=\"\" width=\"163\" height=\"130\" \/><\/a>por la tierna voz de una ni\u00f1a de tres a\u00f1os. \u201cDebajo de un bot\u00f3n ton ton&#8230;\u201d<\/strong><\/p>\n<p>&nbsp;<\/p>\n<!-- AddThis Advanced Settings generic via filter on the_content --><!-- AddThis Share Buttons generic via filter on the_content -->","protected":false},"excerpt":{"rendered":"<p>Siempre quise escribir un art\u00edculo de la noche pacense, de los bares nocturnos, de regresar a casa de d\u00eda, de esa vida canalla que no hago desde que descubr\u00ed el placer del aire fresco de la ma\u00f1ana, del aroma a caf\u00e9 sin sabor a tabaco,sin el desasosiego de la noche vibrando en mi cuerpo. Me [&hellip;]<!-- AddThis Advanced Settings generic via filter on get_the_excerpt --><!-- AddThis Share Buttons generic via filter on get_the_excerpt --><\/p>\n","protected":false},"author":10,"featured_media":0,"comment_status":"open","ping_status":"closed","sticky":false,"template":"","format":"standard","meta":[],"categories":[2],"tags":[9,103,170,284,670,721,977],"_links":{"self":[{"href":"https:\/\/blogs.hoy.es\/migas-canas\/wp-json\/wp\/v2\/posts\/589"}],"collection":[{"href":"https:\/\/blogs.hoy.es\/migas-canas\/wp-json\/wp\/v2\/posts"}],"about":[{"href":"https:\/\/blogs.hoy.es\/migas-canas\/wp-json\/wp\/v2\/types\/post"}],"author":[{"embeddable":true,"href":"https:\/\/blogs.hoy.es\/migas-canas\/wp-json\/wp\/v2\/users\/10"}],"replies":[{"embeddable":true,"href":"https:\/\/blogs.hoy.es\/migas-canas\/wp-json\/wp\/v2\/comments?post=589"}],"version-history":[{"count":0,"href":"https:\/\/blogs.hoy.es\/migas-canas\/wp-json\/wp\/v2\/posts\/589\/revisions"}],"wp:attachment":[{"href":"https:\/\/blogs.hoy.es\/migas-canas\/wp-json\/wp\/v2\/media?parent=589"}],"wp:term":[{"taxonomy":"category","embeddable":true,"href":"https:\/\/blogs.hoy.es\/migas-canas\/wp-json\/wp\/v2\/categories?post=589"},{"taxonomy":"post_tag","embeddable":true,"href":"https:\/\/blogs.hoy.es\/migas-canas\/wp-json\/wp\/v2\/tags?post=589"}],"curies":[{"name":"wp","href":"https:\/\/api.w.org\/{rel}","templated":true}]}}