{"id":59,"date":"2011-07-24T18:47:00","date_gmt":"2011-07-24T18:47:00","guid":{"rendered":"http:\/\/blogs.hoy.es\/migas-canas\/?p=59"},"modified":"2011-07-24T18:47:00","modified_gmt":"2011-07-24T18:47:00","slug":"micro-relato-verano","status":"publish","type":"post","link":"https:\/\/blogs.hoy.es\/migas-canas\/2011\/07\/24\/micro-relato-verano\/","title":{"rendered":"MICRO-RELATO DE VERANO"},"content":{"rendered":"<p><span class=\"Apple-style-span\" style=\"font-family: 'lucida grande', tahoma, verdana, arial, sans-serif; font-size: 14px; line-height: 14px; \">No se si sent\u00ed alegr\u00eda,pena o alivio. Tir\u00e9 de la cadena y el agua se lo llev\u00f3.Dude unos instantes, pero ya no hab\u00eda nada que hacer.Cerr\u00e9 la tapa y me fui.<\/span><\/p>\n<!-- AddThis Advanced Settings generic via filter on the_content --><!-- AddThis Share Buttons generic via filter on the_content -->","protected":false},"excerpt":{"rendered":"<p>No se si sent\u00ed alegr\u00eda,pena o alivio. Tir\u00e9 de la cadena y el agua se lo llev\u00f3.Dude unos instantes, pero ya no hab\u00eda nada que hacer.Cerr\u00e9 la tapa y me fui.<!-- AddThis Advanced Settings generic via filter on get_the_excerpt --><!-- AddThis Share Buttons generic via filter on get_the_excerpt --><\/p>\n","protected":false},"author":10,"featured_media":0,"comment_status":"open","ping_status":"closed","sticky":false,"template":"","format":"standard","meta":[],"categories":[4],"tags":[],"_links":{"self":[{"href":"https:\/\/blogs.hoy.es\/migas-canas\/wp-json\/wp\/v2\/posts\/59"}],"collection":[{"href":"https:\/\/blogs.hoy.es\/migas-canas\/wp-json\/wp\/v2\/posts"}],"about":[{"href":"https:\/\/blogs.hoy.es\/migas-canas\/wp-json\/wp\/v2\/types\/post"}],"author":[{"embeddable":true,"href":"https:\/\/blogs.hoy.es\/migas-canas\/wp-json\/wp\/v2\/users\/10"}],"replies":[{"embeddable":true,"href":"https:\/\/blogs.hoy.es\/migas-canas\/wp-json\/wp\/v2\/comments?post=59"}],"version-history":[{"count":0,"href":"https:\/\/blogs.hoy.es\/migas-canas\/wp-json\/wp\/v2\/posts\/59\/revisions"}],"wp:attachment":[{"href":"https:\/\/blogs.hoy.es\/migas-canas\/wp-json\/wp\/v2\/media?parent=59"}],"wp:term":[{"taxonomy":"category","embeddable":true,"href":"https:\/\/blogs.hoy.es\/migas-canas\/wp-json\/wp\/v2\/categories?post=59"},{"taxonomy":"post_tag","embeddable":true,"href":"https:\/\/blogs.hoy.es\/migas-canas\/wp-json\/wp\/v2\/tags?post=59"}],"curies":[{"name":"wp","href":"https:\/\/api.w.org\/{rel}","templated":true}]}}