{"id":598,"date":"2015-03-04T09:27:26","date_gmt":"2015-03-04T08:27:26","guid":{"rendered":"http:\/\/blogs.hoy.es\/migas-canas\/?p=598"},"modified":"2015-03-04T09:27:26","modified_gmt":"2015-03-04T08:27:26","slug":"alonso-de-la-torre","status":"publish","type":"post","link":"https:\/\/blogs.hoy.es\/migas-canas\/2015\/03\/04\/alonso-de-la-torre\/","title":{"rendered":"ALONSO DE LA TORRE"},"content":{"rendered":"<p><a href=\"\/migas-canas\/wp-content\/uploads\/sites\/8\/2015\/03\/3mail.google.com_.jpeg\"><img loading=\"lazy\" class=\"aligncenter size-thumbnail wp-image-599\" title=\"3mail.google.com\" src=\"\/migas-canas\/wp-content\/uploads\/sites\/8\/2015\/03\/3mail.google.com_.jpg\" alt=\"\" width=\"150\" height=\"150\" \/><\/a><strong>Alonso de la Torre publica seis d\u00edas a la semana y el s\u00e9ptimo descansa<\/strong>. Tanto son los temas que ha tratado que me ha pisado alguno. Dos son los que m\u00e1s me han afectado: uno el de funcionarios que trabajan enfermos, ya lo ten\u00eda escrito. Me sigue indignado esa ley que descuentan la paga durante las bajas laborales.<br \/>\n<strong>La mayor\u00eda de funcionarios son auxiliares administrativos, bedeles, celadore<\/strong>s&#8230; personas que no tiene grandes sueldos y que est\u00e1n metidos en un <a href=\"\/migas-canas\/wp-content\/uploads\/sites\/8\/2015\/03\/1mail.google.com_.jpeg\"><img loading=\"lazy\" class=\"alignleft size-thumbnail wp-image-600\" title=\"1mail.google.com\" src=\"\/migas-canas\/wp-content\/uploads\/sites\/8\/2015\/03\/1mail.google.com_.jpg\" alt=\"\" width=\"150\" height=\"150\" \/><\/a>engranaje circular dise\u00f1ada para que paguen lo que reciben. El funcionario divide la n\u00f3mina en varias partes: hipoteca a 30 a\u00f1os, colegios, coche, Mercadona, Carrefur, Faro. Si enferma, por ejemplo, una gripe, la baja laboral le supone dejar de pagar alguna de estas partidas porque descuentan una cantidad importante.<br \/>\n<strong>El primero que coge la gripe, en lugar de quedarse en casa como manda el protocolo m\u00e9dico, va a la oficina y contagia a los dem\u00e1s.<\/strong> Tambi\u00e9n puede que usted vaya a hacer cualquier gesti\u00f3n y salga con un trancazo. La imagen de muchas administraciones, en esta pasada epidemia, ha sido la del trabajador tosiendo, moqueando o con el desmadejamiento que provoca la fiebre.<br \/>\n<strong>Supongo que el fin de descontar sueldo en las incapacidades temporales es el de cazar a los profesionales de las baja<\/strong>. Yo, en mi vida laboral, he conocido a dos, son f\u00e1ciles de detectar. Con el actual sistema estos individuos tambi\u00e9n buscan las vueltas para conseguir bajas sin que les descuenten, o bien simulan accidentes laborales u otros trapicheos legales que conocen al dedillo mientras que los perjudicados siguen siendo el 98% de funcionarios honrados.<strong> Recuerdo a un maestro que cuando no sab\u00eda quien hab\u00eda tirado la piedra castigaba a toda la clase sin buscar al culpable.<\/strong><br \/>\n<a href=\"\/migas-canas\/wp-content\/uploads\/sites\/8\/2015\/03\/mail.google.com_.jpeg\"><img loading=\"lazy\" class=\"alignleft size-thumbnail wp-image-603\" title=\"mail.google.com\" src=\"\/migas-canas\/wp-content\/uploads\/sites\/8\/2015\/03\/mail.google.com_-124x150.jpg\" alt=\"\" width=\"124\" height=\"150\" \/><\/a><strong>El otro art\u00edculo ha sido sobre un restaurante portugu\u00e9s que frecuentaba. Una tasquita t\u00edpica pr\u00f3xima a Badajoz desconocida por la mayor\u00eda de <a href=\"\/migas-canas\/wp-content\/uploads\/sites\/8\/2015\/03\/7mail.google.com_.jpeg\"><img loading=\"lazy\" class=\"alignright size-thumbnail wp-image-601\" title=\"7mail.google.com\" src=\"\/migas-canas\/wp-content\/uploads\/sites\/8\/2015\/03\/7mail.google.com_.jpg\" alt=\"\" width=\"150\" height=\"150\" \/><\/a>pacenses<\/strong>. Era raro encontrar en su austero comedor a espa\u00f1oles. pero desde que lo ha sacado en el peri\u00f3dico Alonso de la Torre, hay cola de hasta treinta personas para entrar. Un sitio que ha perdido el encanto del silencio portugu\u00e9s convirti\u00e9ndose en otro Cristo de colas interminables.<br \/>\n<strong>Recuerdo que yo escrib\u00ed en varias ocasiones del Gale\u00f3n, una tasquita al lado de mi Centro de Salud donde iba a desayunar pero no por eso aumento la clientela, al contrario, cerr\u00f3 por falta de negocio. As\u00ed que aquellos que me dicen: tu que escribes en el peri\u00f3dico pod\u00edas hablar de&#8230;les recomiendo que se lo cuenten a Alonso de la Torre si quieren que tenga repercusi\u00f3n.<\/strong><\/p>\n<!-- AddThis Advanced Settings generic via filter on the_content --><!-- AddThis Share Buttons generic via filter on the_content -->","protected":false},"excerpt":{"rendered":"<p>Alonso de la Torre publica seis d\u00edas a la semana y el s\u00e9ptimo descansa. Tanto son los temas que ha tratado que me ha pisado alguno. Dos son los que m\u00e1s me han afectado: uno el de funcionarios que trabajan enfermos, ya lo ten\u00eda escrito. Me sigue indignado esa ley que descuentan la paga durante [&hellip;]<!-- AddThis Advanced Settings generic via filter on get_the_excerpt --><!-- AddThis Share Buttons generic via filter on get_the_excerpt --><\/p>\n","protected":false},"author":10,"featured_media":0,"comment_status":"open","ping_status":"closed","sticky":false,"template":"","format":"standard","meta":[],"categories":[2],"tags":[37,280,477,502,537,870],"_links":{"self":[{"href":"https:\/\/blogs.hoy.es\/migas-canas\/wp-json\/wp\/v2\/posts\/598"}],"collection":[{"href":"https:\/\/blogs.hoy.es\/migas-canas\/wp-json\/wp\/v2\/posts"}],"about":[{"href":"https:\/\/blogs.hoy.es\/migas-canas\/wp-json\/wp\/v2\/types\/post"}],"author":[{"embeddable":true,"href":"https:\/\/blogs.hoy.es\/migas-canas\/wp-json\/wp\/v2\/users\/10"}],"replies":[{"embeddable":true,"href":"https:\/\/blogs.hoy.es\/migas-canas\/wp-json\/wp\/v2\/comments?post=598"}],"version-history":[{"count":0,"href":"https:\/\/blogs.hoy.es\/migas-canas\/wp-json\/wp\/v2\/posts\/598\/revisions"}],"wp:attachment":[{"href":"https:\/\/blogs.hoy.es\/migas-canas\/wp-json\/wp\/v2\/media?parent=598"}],"wp:term":[{"taxonomy":"category","embeddable":true,"href":"https:\/\/blogs.hoy.es\/migas-canas\/wp-json\/wp\/v2\/categories?post=598"},{"taxonomy":"post_tag","embeddable":true,"href":"https:\/\/blogs.hoy.es\/migas-canas\/wp-json\/wp\/v2\/tags?post=598"}],"curies":[{"name":"wp","href":"https:\/\/api.w.org\/{rel}","templated":true}]}}