{"id":605,"date":"2015-03-19T09:26:42","date_gmt":"2015-03-19T08:26:42","guid":{"rendered":"http:\/\/blogs.hoy.es\/migas-canas\/?p=605"},"modified":"2015-03-19T09:26:42","modified_gmt":"2015-03-19T08:26:42","slug":"tres-artistas","status":"publish","type":"post","link":"https:\/\/blogs.hoy.es\/migas-canas\/2015\/03\/19\/tres-artistas\/","title":{"rendered":"TRES ARTISTAS"},"content":{"rendered":"<div id=\"attachment_606\" style=\"width: 175px\" class=\"wp-caption aligncenter\"><a href=\"\/migas-canas\/wp-content\/uploads\/sites\/8\/2015\/03\/facebook_1426718762457-1.jpg\"><img aria-describedby=\"caption-attachment-606\" loading=\"lazy\" class=\" wp-image-606\" title=\"fotografia de Lola K Cantos\" src=\"\/migas-canas\/wp-content\/uploads\/sites\/8\/2015\/03\/facebook_1426718762457-1.jpg\" alt=\"\" width=\"165\" height=\"165\" \/><\/a><p id=\"caption-attachment-606\" class=\"wp-caption-text\">Fotograf\u00eda de Lola K. Cantos<\/p><\/div>\n<p><strong>El sol del atardecer envuelve\u00a0 Badajoz con el embrujo de esa luz especial que tienen las ciudades con r\u00edo<\/strong>. \u00bfQuien no ha fotografiado el sol naranja de la tarde acariciando las aguas rugosas del Guadiana ahora que todo el mundo lleva una c\u00e1mara en el bolsillo?<\/p>\n<p><strong>Un Badajoz para disfrutar del paisaje pero sobre todo de su gente.<\/strong><\/p>\n<p>Es agradable encontrarte por la calle con los que conoces de vista,los que han estudiado contigo,los que son de tu barrio,los que conoces del facebook, personas con las que compartes la acera a diario y sienten la ciudad suya.<\/p>\n<p><strong>Sin embargo, ya no coincidir\u00e9 m\u00e1s con alguno de mi generaci\u00f3n.<\/strong><\/p>\n<p><a href=\"\/migas-canas\/wp-content\/uploads\/sites\/8\/2015\/03\/DIEGOmail.google.com_.jpeg\"><img loading=\"lazy\" class=\"alignleft  wp-image-607\" title=\"DIEGOmail.google.com\" src=\"\/migas-canas\/wp-content\/uploads\/sites\/8\/2015\/03\/DIEGOmail.google.com_.jpg\" alt=\"\" width=\"170\" height=\"170\" \/><\/a><strong>Me he enterado de la muerte de Franki<\/strong> porque Pedro del Pino le dedic\u00f3 un art\u00edculo en esta secci\u00f3n. Ese mismo d\u00eda ensalzaban su personalidad en dos cartas al director. A Franki lo vi por primera vez encima de un escenario tocando la guitarra en un grupo pacense llamado <strong>Celtas Cortos luego en Coca caballo y rey<\/strong> en aquellos a\u00f1os de cambio en los que empezaban a conocer ilusionados un mundo de reivindicaciones pol\u00edticas sin pensar que llegar\u00edamos a esta decepci\u00f3n. \u00daltimamente lo ve\u00eda por Badajoz caminado con un bast\u00f3n, se hab\u00eda quedado ciego, hace unos d\u00edas muri\u00f3.<\/p>\n<p><strong>A Goyo lo conoc\u00eda desde &#8220;\u00b7chiquinino&#8221;, jug\u00e1bamos juntos al pincho y al bal\u00f3n en el llano de la Iglesia San Juan de Rivera,<\/strong> todav\u00eda me sale su foto entre mis amigos del facebok.Goyo era maestro pero se dedicaba al dibujo sobre todo al dise\u00f1o, fue uno de los creadores de la primera revista de c\u00f3mic de Badajoz <strong>\u201cPunto muerto\u201d<\/strong> y fue responsable <strong>gr\u00e1fico del festival del Teatro Romano de M\u00e9rida<\/strong>, entre otras cosas, es autor de las ilustraciones de uno de los libros de poes\u00eda<strong> de Pl\u00e1cido Ramirez<\/strong>. Era un artista pero sobre toda una buena persona.<\/p>\n<p><strong>De la muerte de Leoni hace m\u00e1s tiempo<\/strong>. Fueron muchos los art\u00edculosque le dedicaron desde este peri\u00f3dico. Leoni, a pesar de no tener aspecto de deportista,lo conoc\u00ed cuando<strong> los dos eramos futbolistas en el Flecha Negra.<\/strong> <a href=\"\/migas-canas\/wp-content\/uploads\/sites\/8\/2015\/03\/1mail.google.com_1.jpeg\"><img loading=\"lazy\" class=\"alignright  wp-image-608\" title=\"1mail.google.com\" src=\"\/migas-canas\/wp-content\/uploads\/sites\/8\/2015\/03\/1mail.google.com_1.jpg\" alt=\"\" width=\"163\" height=\"150\" \/><\/a>Luego empez\u00f3 en el teatro en Suripanta hasta convertirse en uno de los actores m\u00e1s conocidos del escenario extreme\u00f1o.<\/p>\n<p><strong>Tres artistas de mi generaci\u00f3n con los que compart\u00ed tiempo y a los que nunca m\u00e1s encontrar\u00e9 por la calle. Sus ausencias me hacen sentir m\u00e1s solo. Las balas est\u00e1n cayendo demasiado cerca.<\/strong><\/p>\n<!-- AddThis Advanced Settings generic via filter on the_content --><!-- AddThis Share Buttons generic via filter on the_content -->","protected":false},"excerpt":{"rendered":"<p>El sol del atardecer envuelve\u00a0 Badajoz con el embrujo de esa luz especial que tienen las ciudades con r\u00edo. \u00bfQuien no ha fotografiado el sol naranja de la tarde acariciando las aguas rugosas del Guadiana ahora que todo el mundo lleva una c\u00e1mara en el bolsillo? Un Badajoz para disfrutar del paisaje pero sobre todo [&hellip;]<!-- AddThis Advanced Settings generic via filter on get_the_excerpt --><!-- AddThis Share Buttons generic via filter on get_the_excerpt --><\/p>\n","protected":false},"author":10,"featured_media":0,"comment_status":"open","ping_status":"closed","sticky":false,"template":"","format":"standard","meta":[],"categories":[2],"tags":[244,277,456,469,497,638,853,896,995],"_links":{"self":[{"href":"https:\/\/blogs.hoy.es\/migas-canas\/wp-json\/wp\/v2\/posts\/605"}],"collection":[{"href":"https:\/\/blogs.hoy.es\/migas-canas\/wp-json\/wp\/v2\/posts"}],"about":[{"href":"https:\/\/blogs.hoy.es\/migas-canas\/wp-json\/wp\/v2\/types\/post"}],"author":[{"embeddable":true,"href":"https:\/\/blogs.hoy.es\/migas-canas\/wp-json\/wp\/v2\/users\/10"}],"replies":[{"embeddable":true,"href":"https:\/\/blogs.hoy.es\/migas-canas\/wp-json\/wp\/v2\/comments?post=605"}],"version-history":[{"count":0,"href":"https:\/\/blogs.hoy.es\/migas-canas\/wp-json\/wp\/v2\/posts\/605\/revisions"}],"wp:attachment":[{"href":"https:\/\/blogs.hoy.es\/migas-canas\/wp-json\/wp\/v2\/media?parent=605"}],"wp:term":[{"taxonomy":"category","embeddable":true,"href":"https:\/\/blogs.hoy.es\/migas-canas\/wp-json\/wp\/v2\/categories?post=605"},{"taxonomy":"post_tag","embeddable":true,"href":"https:\/\/blogs.hoy.es\/migas-canas\/wp-json\/wp\/v2\/tags?post=605"}],"curies":[{"name":"wp","href":"https:\/\/api.w.org\/{rel}","templated":true}]}}