{"id":61,"date":"2011-07-11T08:17:00","date_gmt":"2011-07-11T08:17:00","guid":{"rendered":"http:\/\/blogs.hoy.es\/migas-canas\/?p=61"},"modified":"2011-07-11T08:17:00","modified_gmt":"2011-07-11T08:17:00","slug":"verano-azul-con-pincelas-rojas","status":"publish","type":"post","link":"https:\/\/blogs.hoy.es\/migas-canas\/2011\/07\/11\/verano-azul-con-pincelas-rojas\/","title":{"rendered":"VERANO AZUL CON PINCELADAS ROJAS"},"content":{"rendered":"<p>   <meta http-equiv=\"CONTENT-TYPE\" content=\"text\/html; charset=utf-8\"><title><\/title><meta name=\"GENERATOR\" content=\"OpenOffice.org 2.2  (Linux)\"><meta name=\"CREATED\" content=\"20110711;8110000\"><meta name=\"CHANGED\" content=\"16010101;0\">     <\/p>\n<style type=\"text\/css\">  <\/style>\n<p style=\"margin-bottom: 0cm;\">Llega el verano. Enflaquecen los peri\u00f3dicos, lo que no hemos conseguido en gimnasios ni comiendo lechuga  lo consigue los diarios cuando aparece el sol. Los inventores de frases llaman ola de calor a  lo que antes llam\u00e1bamos verano, las cosas se repiten empleando frases adorandas,  para eso algunos escritores hacen semanalmente una columna y otros, aficionados, escribimos cartas al director en busca de la columna que no llega. La actualidad es r\u00e1pida. \u00bfD\u00f3nde esta ahora Escobar? Dentro de unos d\u00edas recordaremos m\u00e1s al Escobar del carro que al del remo. La pol\u00edtica, igual que el puchero, no son platos de verano. Ahora hablamos m\u00e1s del calor, del asesinato de  Logros\u00e1n, de la victoria de Alonso, de Contador. Noticias que son m\u00e1s frescas y sencillas para unas fatigadas cabezas  que piensan m\u00e1s en chiringuitos y mar, en la fascinaci\u00f3n de la nada, que en problemas. La pol\u00edtica sigue ah\u00ed, ahora con un nuevo traje azul con lunares rojo deseando subirse al escenario para mostrarnos toda su fortaleza y capacidad. En ocasiones  tomamos a la pol\u00edtica a la ligera pero sus decisiones afectan a nuestras vidas y a nuestras formas de vivir. Algunas veces so\u00f1amos con lo que podr\u00edamos ser cuando solo somos lo que hemos votado. La pol\u00edtica no es solo de pol\u00edticos, la pol\u00edtica es nuestra. No la podemos dejar en verano. Aunque en verano,  desde el arrullo adormecedor de la chicharra  nos aburra como aburre a un mal bachiller tener que estudiar matem\u00e1ticas.<\/p>\n<!-- AddThis Advanced Settings generic via filter on the_content --><!-- AddThis Share Buttons generic via filter on the_content -->","protected":false},"excerpt":{"rendered":"<p>Llega el verano. Enflaquecen los peri\u00f3dicos, lo que no hemos conseguido en gimnasios ni comiendo lechuga lo consigue los diarios cuando aparece el sol. Los inventores de frases llaman ola de calor a lo que antes llam\u00e1bamos verano, las cosas se repiten empleando frases adorandas, para eso algunos escritores hacen semanalmente una columna y otros, [&hellip;]<!-- AddThis Advanced Settings generic via filter on get_the_excerpt --><!-- AddThis Share Buttons generic via filter on get_the_excerpt --><\/p>\n","protected":false},"author":10,"featured_media":0,"comment_status":"open","ping_status":"closed","sticky":false,"template":"","format":"standard","meta":[],"categories":[4],"tags":[],"_links":{"self":[{"href":"https:\/\/blogs.hoy.es\/migas-canas\/wp-json\/wp\/v2\/posts\/61"}],"collection":[{"href":"https:\/\/blogs.hoy.es\/migas-canas\/wp-json\/wp\/v2\/posts"}],"about":[{"href":"https:\/\/blogs.hoy.es\/migas-canas\/wp-json\/wp\/v2\/types\/post"}],"author":[{"embeddable":true,"href":"https:\/\/blogs.hoy.es\/migas-canas\/wp-json\/wp\/v2\/users\/10"}],"replies":[{"embeddable":true,"href":"https:\/\/blogs.hoy.es\/migas-canas\/wp-json\/wp\/v2\/comments?post=61"}],"version-history":[{"count":0,"href":"https:\/\/blogs.hoy.es\/migas-canas\/wp-json\/wp\/v2\/posts\/61\/revisions"}],"wp:attachment":[{"href":"https:\/\/blogs.hoy.es\/migas-canas\/wp-json\/wp\/v2\/media?parent=61"}],"wp:term":[{"taxonomy":"category","embeddable":true,"href":"https:\/\/blogs.hoy.es\/migas-canas\/wp-json\/wp\/v2\/categories?post=61"},{"taxonomy":"post_tag","embeddable":true,"href":"https:\/\/blogs.hoy.es\/migas-canas\/wp-json\/wp\/v2\/tags?post=61"}],"curies":[{"name":"wp","href":"https:\/\/api.w.org\/{rel}","templated":true}]}}