{"id":611,"date":"2015-03-27T09:28:20","date_gmt":"2015-03-27T08:28:20","guid":{"rendered":"http:\/\/blogs.hoy.es\/migas-canas\/?p=611"},"modified":"2015-03-27T09:28:20","modified_gmt":"2015-03-27T08:28:20","slug":"alicia","status":"publish","type":"post","link":"https:\/\/blogs.hoy.es\/migas-canas\/2015\/03\/27\/alicia\/","title":{"rendered":"ALICIA"},"content":{"rendered":"<p><a href=\"\/migas-canas\/wp-content\/uploads\/sites\/8\/2015\/03\/mail.google.com_1.jpeg\"><img loading=\"lazy\" class=\"aligncenter  wp-image-612\" title=\"mail.google.com\" src=\"\/migas-canas\/wp-content\/uploads\/sites\/8\/2015\/03\/mail.google.com_1.jpg\" alt=\"\" width=\"129\" height=\"155\" \/><\/a><strong>Me da una mano, en la otra lleva la mochila de Mike Mouse<\/strong>. Salimos a la calle y empieza a cantar<strong>\u201d Pipi Pipi Lastron Pipilota soy<\/strong>\u201d. Vamos despacio. Pasamos por los caballitos que hay en la tienda del boulevar; Paramos en el sem\u00e1foro, no cruzamos hasta que el mu\u00f1eco se pone en verde. <strong>Nos paramos para ver pasar a un cami\u00f3n grande,un tractor amarillo, una bici de carrera<\/strong>s. Una se\u00f1ora sonr\u00ede cuando la ve \u201cque guapa con esos rizos\u201d. Miro de reojo el McDonald,s al que tendr\u00e9 que ir en m\u00e1s de una ocasi\u00f3n en contra de mi voluntad. Pasamos por el \u00e1rbol de las hojas grandes. Vemos las palomas a las que le dimos gusanitos el domingo en Castelar, nos paramos a mirar como vuelan hasta subir al tejado.<strong> Papa, \u00bfyo no puedo volar<\/strong>? En la<\/p>\n<div id=\"attachment_613\" style=\"width: 183px\" class=\"wp-caption alignleft\"><a href=\"\/migas-canas\/wp-content\/uploads\/sites\/8\/2015\/03\/3mail.google.com_1.jpeg\"><img aria-describedby=\"caption-attachment-613\" loading=\"lazy\" class=\" wp-image-613 \" title=\"3mail.google.com\" src=\"\/migas-canas\/wp-content\/uploads\/sites\/8\/2015\/03\/3mail.google.com_1.jpg\" alt=\"fotograf\u00eda de Lola k.Cantos\" width=\"173\" height=\"210\" \/><\/a><p id=\"caption-attachment-613\" class=\"wp-caption-text\">Fotograf\u00eda de Lola K. Cantos<\/p><\/div>\n<p><strong>guarder\u00eda nos espera Nieves, Raquel Lorena<\/strong>&#8230;<strong> Le doy un beso, me da un beso y empiezo a desandar el camino<\/strong> que ha dejado de ser m\u00e1gico. Ya no hay \u00e1rboles de hojas grandes, ni pipi vuela en su caballo, ni las palomas comen gusanitos, ni Caperucita coge flores del bosque<strong>. Ahora atravieso un desierto hostil con prisa<\/strong>. Cruzo el sem\u00e1foro en rojo. Me encuentro con gente que no conozco, todos van r\u00e1pido, con cara seria. <strong>Nadie saluda a nadie<\/strong>. Una chiha choca con la farola mientras teclea en el m\u00f3vil. Le doy los buenos d\u00edas a una vecina, me mira con cara rara, como si estuviera loco.<strong> Conductores tensos agarrados a sus volantes miran el reloj cada vez que el sem\u00e1foro los para<\/strong>. Veo al hombre que por las tardes busca en los contenedores de basura del supermercado, es el \u00fanico que va andando despacio, este si me sonr\u00ede, luego extiende la mano. Corren los pobres de esp\u00edritu se<a href=\"\/migas-canas\/wp-content\/uploads\/sites\/8\/2015\/03\/5images.jpeg\"><img loading=\"lazy\" class=\"alignright size-full wp-image-614\" title=\"5images\" src=\"\/migas-canas\/wp-content\/uploads\/sites\/8\/2015\/03\/5images.jpeg\" alt=\"\" width=\"114\" height=\"114\" \/><\/a> paran los pobres de pan.<br \/>\n<strong>Alicia se har\u00e1 grande sin darme cuenta. Un d\u00eda dejar\u00e1 de disfrutar la magia de las cosas para formar parte de la vor\u00e1gine de la vida.<\/strong><\/p>\n<!-- AddThis Advanced Settings generic via filter on the_content --><!-- AddThis Share Buttons generic via filter on the_content -->","protected":false},"excerpt":{"rendered":"<p>Me da una mano, en la otra lleva la mochila de Mike Mouse. Salimos a la calle y empieza a cantar\u201d Pipi Pipi Lastron Pipilota soy\u201d. Vamos despacio. Pasamos por los caballitos que hay en la tienda del boulevar; Paramos en el sem\u00e1foro, no cruzamos hasta que el mu\u00f1eco se pone en verde. Nos paramos [&hellip;]<!-- AddThis Advanced Settings generic via filter on get_the_excerpt --><!-- AddThis Share Buttons generic via filter on get_the_excerpt --><\/p>\n","protected":false},"author":10,"featured_media":0,"comment_status":"open","ping_status":"closed","sticky":false,"template":"","format":"standard","meta":[],"categories":[2],"tags":[34,207,230,368,627,707,729,848,932,1013],"_links":{"self":[{"href":"https:\/\/blogs.hoy.es\/migas-canas\/wp-json\/wp\/v2\/posts\/611"}],"collection":[{"href":"https:\/\/blogs.hoy.es\/migas-canas\/wp-json\/wp\/v2\/posts"}],"about":[{"href":"https:\/\/blogs.hoy.es\/migas-canas\/wp-json\/wp\/v2\/types\/post"}],"author":[{"embeddable":true,"href":"https:\/\/blogs.hoy.es\/migas-canas\/wp-json\/wp\/v2\/users\/10"}],"replies":[{"embeddable":true,"href":"https:\/\/blogs.hoy.es\/migas-canas\/wp-json\/wp\/v2\/comments?post=611"}],"version-history":[{"count":0,"href":"https:\/\/blogs.hoy.es\/migas-canas\/wp-json\/wp\/v2\/posts\/611\/revisions"}],"wp:attachment":[{"href":"https:\/\/blogs.hoy.es\/migas-canas\/wp-json\/wp\/v2\/media?parent=611"}],"wp:term":[{"taxonomy":"category","embeddable":true,"href":"https:\/\/blogs.hoy.es\/migas-canas\/wp-json\/wp\/v2\/categories?post=611"},{"taxonomy":"post_tag","embeddable":true,"href":"https:\/\/blogs.hoy.es\/migas-canas\/wp-json\/wp\/v2\/tags?post=611"}],"curies":[{"name":"wp","href":"https:\/\/api.w.org\/{rel}","templated":true}]}}