{"id":616,"date":"2015-04-01T07:57:42","date_gmt":"2015-04-01T06:57:42","guid":{"rendered":"http:\/\/blogs.hoy.es\/migas-canas\/?p=616"},"modified":"2015-04-01T07:57:42","modified_gmt":"2015-04-01T06:57:42","slug":"maraton","status":"publish","type":"post","link":"https:\/\/blogs.hoy.es\/migas-canas\/2015\/04\/01\/maraton\/","title":{"rendered":"MARAT\u00d3N"},"content":{"rendered":"<p><a href=\"\/migas-canas\/wp-content\/uploads\/sites\/8\/2015\/04\/3mail.google.com_1.jpeg\"><img loading=\"lazy\" class=\"aligncenter  wp-image-618\" title=\"3mail.google.com\" src=\"\/migas-canas\/wp-content\/uploads\/sites\/8\/2015\/04\/3mail.google.com_1.jpg\" alt=\"\" width=\"201\" height=\"240\" \/><\/a><strong>Era domingo, fui al trastero a llevar cacharros. lo guardo todo. No se que habr\u00e1 sido de aquella novia que ten\u00eda cuando hice la mili, pero aun conservo todas sus cartas escritas con un el trazo fresco de 20 a\u00f1os y grandes c\u00edrculos que coronan las \u00edes.<\/strong> Cuando iba con el coche cargado me tropec\u00e9 con<strong> la marat\u00f3<\/strong>n,<strong> Todos los a\u00f1os escribo de la carrera con la nostalgia de haber sido corredor y con el prop\u00f3sito de volver a serlo<\/strong>. Este a\u00f1o no he ido a verla pero la casualidad hizo que me topase involuntariamente con ella. La vi frente al peri\u00f3dic<strong>o HOY<\/strong>, a mi lado estaban varios componentes de la compars<strong>a Yuyuba<\/strong> que animaban con ritmo carnavalero.<\/p>\n<p><a href=\"\/migas-canas\/wp-content\/uploads\/sites\/8\/2015\/04\/2mail.google.com_1.jpeg\"><img loading=\"lazy\" class=\"alignleft  wp-image-621\" title=\"2mail.google.com\" src=\"\/migas-canas\/wp-content\/uploads\/sites\/8\/2015\/04\/2mail.google.com_1-124x150.jpg\" alt=\"\" width=\"169\" height=\"204\" \/><\/a>Aunque creo tenerlo escrito de otros a\u00f1os, sigo pensando que lo duro del marat\u00f3n no es el esfuerzo en el d\u00eda de la carrera, quiz\u00e1s eso sea lo m\u00e1s f\u00e1cil con el apoyo de otros corredores y el calor del p\u00fablico. <strong>Lo duro es la preparaci\u00f3<\/strong>n. D\u00edas de fr\u00edo o calor en los que hay que levantarse del sill\u00f3n para calzarte un pantal\u00f3n corto y salir a la calle a correr. Sacrificas pel\u00edculas, libros, tiempo a la familia. Muchos corredores cuidan tambi\u00e9n la alimentaci\u00f3n y todo a cambio de la satisfacci\u00f3n personal. <strong>Un esfuerzo sin recibir beneficio econ\u00f3mico demostrando que las cosas importantes no se compran ni se vende<\/strong>n. El \u00fanico objetivo para un corredor popular es llegar a la meta. Una lecci\u00f3n para muchos de generosidad en el esfuerzo no recompensado con dinero. Esta a\u00f1o ha sido r\u00e9cord de participaci\u00f3n. La mayor\u00eda hacen la media 21 km, aunque tambi\u00e9n los hay que la hacen la heroicidad de completarla. Me ha sorprendido ver a gente nueva que conozco por distintos motivos y no me imaginaba que corr\u00edan:<strong> Judith Figueiredo, Corresponsal de Televisi\u00f3n Espa\u00f1ola en Badajoz, Julio y Dioni de Llerena, la joven de Oliva que me vend\u00eda el peri\u00f3dico en kiosco, ya cerrado, de Mar\u00eda Auxiliadora a la que le daba los libros del Perigallo para que me los trajera <a href=\"\/migas-canas\/wp-content\/uploads\/sites\/8\/2015\/04\/1mail.google.com_.jpeg\"><img loading=\"lazy\" class=\"alignright  wp-image-622\" title=\"1mail.google.com\" src=\"\/migas-canas\/wp-content\/uploads\/sites\/8\/2015\/04\/1mail.google.com_.jpg\" alt=\"\" width=\"182\" height=\"182\" \/><\/a>firmado.<\/strong> Hay muchos m\u00e1s que no cabr\u00edan en este art\u00edculo, pero como no nombrar a mi cu\u00f1ado. Juanito el de Sevillana,Antonio de Comisiones,ingenieros,maestros, psiquiatras,parados&#8230; <strong>Veteranos y novatos le quitaron protagonismo a las elecciones andaluces y al partido Madrid- Barcelona convirti\u00e9ndose en el centro de atenci\u00f3n de Badajoz un domingo por la ma\u00f1ana<\/strong><\/p>\n<!-- AddThis Advanced Settings generic via filter on the_content --><!-- AddThis Share Buttons generic via filter on the_content -->","protected":false},"excerpt":{"rendered":"<p>Era domingo, fui al trastero a llevar cacharros. lo guardo todo. No se que habr\u00e1 sido de aquella novia que ten\u00eda cuando hice la mili, pero aun conservo todas sus cartas escritas con un el trazo fresco de 20 a\u00f1os y grandes c\u00edrculos que coronan las \u00edes. Cuando iba con el coche cargado me tropec\u00e9 [&hellip;]<!-- AddThis Advanced Settings generic via filter on get_the_excerpt --><!-- AddThis Share Buttons generic via filter on get_the_excerpt --><\/p>\n","protected":false},"author":10,"featured_media":0,"comment_status":"open","ping_status":"closed","sticky":false,"template":"","format":"standard","meta":[],"categories":[2],"tags":[62,353,410,416,540,582,669,684,832,878,935,1095],"_links":{"self":[{"href":"https:\/\/blogs.hoy.es\/migas-canas\/wp-json\/wp\/v2\/posts\/616"}],"collection":[{"href":"https:\/\/blogs.hoy.es\/migas-canas\/wp-json\/wp\/v2\/posts"}],"about":[{"href":"https:\/\/blogs.hoy.es\/migas-canas\/wp-json\/wp\/v2\/types\/post"}],"author":[{"embeddable":true,"href":"https:\/\/blogs.hoy.es\/migas-canas\/wp-json\/wp\/v2\/users\/10"}],"replies":[{"embeddable":true,"href":"https:\/\/blogs.hoy.es\/migas-canas\/wp-json\/wp\/v2\/comments?post=616"}],"version-history":[{"count":0,"href":"https:\/\/blogs.hoy.es\/migas-canas\/wp-json\/wp\/v2\/posts\/616\/revisions"}],"wp:attachment":[{"href":"https:\/\/blogs.hoy.es\/migas-canas\/wp-json\/wp\/v2\/media?parent=616"}],"wp:term":[{"taxonomy":"category","embeddable":true,"href":"https:\/\/blogs.hoy.es\/migas-canas\/wp-json\/wp\/v2\/categories?post=616"},{"taxonomy":"post_tag","embeddable":true,"href":"https:\/\/blogs.hoy.es\/migas-canas\/wp-json\/wp\/v2\/tags?post=616"}],"curies":[{"name":"wp","href":"https:\/\/api.w.org\/{rel}","templated":true}]}}