{"id":624,"date":"2015-04-15T09:26:09","date_gmt":"2015-04-15T08:26:09","guid":{"rendered":"http:\/\/blogs.hoy.es\/migas-canas\/?p=624"},"modified":"2015-04-15T09:26:09","modified_gmt":"2015-04-15T08:26:09","slug":"dos-impertinencias-y-un-parque","status":"publish","type":"post","link":"https:\/\/blogs.hoy.es\/migas-canas\/2015\/04\/15\/dos-impertinencias-y-un-parque\/","title":{"rendered":"DOS IMPERTINENCIAS Y UN PARQUE"},"content":{"rendered":"<p><a href=\"\/migas-canas\/wp-content\/uploads\/sites\/8\/2015\/04\/2mail.google.com_2.jpeg\"><img loading=\"lazy\" class=\"aligncenter  wp-image-625\" title=\"2mail.google.com\" src=\"\/migas-canas\/wp-content\/uploads\/sites\/8\/2015\/04\/2mail.google.com_2.jpg\" alt=\"\" width=\"180\" height=\"180\" \/><\/a><strong>Hay algunas personas que me sueltan a bocajarro \u00bfcuanto te pagan por los art\u00edculos?<\/strong> Ante mi asombro y silencio tratan de disculpar su impertinencia con un <strong>\u201cno te preocupes, no soy de Hacienda\u201d y ah\u00ed va la segunda<\/strong>. Quiz\u00e1s quieran saber el precio para descubrir si el art\u00edculo es bueno o malo. Ni siquiera esta crisis ha cambiado la mentalidad de <strong>algunos que siguen creyendo en la relaci\u00f3n entre valor y precio.<\/strong><\/p>\n<p><strong>Conozco a una persona, bien situada econ\u00f3micamente, que cuando se encuentra con alg\u00fan conocido por la calle suele preguntar si trabaja o esta en paro<\/strong>. No lo hace para ofrecerle trabajo, ni compensar su angustiosa situaci\u00f3n, lo hace con la intenci\u00f3n, supongo, que la de informarse <strong>desconociendo el sentimiento de angustia o verg\u00fcenza que puede provocar la impertinente pregunta a un desempleado.<\/strong><\/p>\n<p><a href=\"\/migas-canas\/wp-content\/uploads\/sites\/8\/2015\/04\/mail.google.com_.jpeg\"><img loading=\"lazy\" class=\"alignleft  wp-image-626\" title=\"mail.google.com\" src=\"\/migas-canas\/wp-content\/uploads\/sites\/8\/2015\/04\/mail.google.com_.jpg\" alt=\"\" width=\"183\" height=\"183\" \/><\/a><strong>Una se\u00f1ora me dice que porque no escribo que los dos parques de Condes de Barcelona son insuficientes para tantos ni\u00f1os<\/strong>. Es cierto. En un parque hay dos columpios y en otro uno junto a extra\u00f1os<strong> toboganes y aparatos que parecen dise\u00f1ados para entrenar a futuros artistas del circo del sol.<\/strong> Me callo y pienso en los barrios de Badajoz que no tienen ninguno.<strong> En Pardaleras hay un parque sin toboganes ni columpios<\/strong>. Es cuadrado,como una peque\u00f1a isla rodeada de tr\u00e1fico por sus cuatro lados, uno de los lados da a la autopista sin protecci\u00f3n para ni\u00f1os ni balones. T<strong>iene un centro de tierra donde se acumulan deposiciones de perros sin que nadie las limpi<\/strong>e. <strong>Un parque que no adecentan ni en campa\u00f1a electoral, quiz\u00e1s porque cada vez hay menos ni\u00f1os ya que tambi\u00e9n hay menos j\u00f3venes en edad de procrear que se queden a vivir en una ciudad con pocas ofertas laborales<\/strong>.<strong> Juan Jos\u00e9 Martin Santos,<\/strong> presidente de la asociaci\u00f3n de Pardaleras lo denuncia en las redes sociales incluso ha recogido firmas para que lo preparen pero lleva as\u00ed desde hace a\u00f1os.<\/p>\n<p><strong>Es contradictorio que dos parques en Condes de Barcelona sean insuficientes para tantos ni\u00f1os y a la vez es un privilegio comparado con otras zonas<a href=\"\/migas-canas\/wp-content\/uploads\/sites\/8\/2015\/04\/mail.google.com-1.jpeg\"><img loading=\"lazy\" class=\"alignright  wp-image-627\" title=\"mail.google.com 1\" src=\"\/migas-canas\/wp-content\/uploads\/sites\/8\/2015\/04\/mail.google.com-1.jpg\" alt=\"\" width=\"166\" height=\"166\" \/><\/a> de Badajoz donde no hay ninguno.<\/strong><\/p>\n<p>Ya se que parece poco importante un parque teniendo en cuenta otras desigualdades pero los ni\u00f1os son ni\u00f1os y no entienden de preferencias.<\/p>\n<p>&nbsp;<\/p>\n<!-- AddThis Advanced Settings generic via filter on the_content --><!-- AddThis Share Buttons generic via filter on the_content -->","protected":false},"excerpt":{"rendered":"<p>Hay algunas personas que me sueltan a bocajarro \u00bfcuanto te pagan por los art\u00edculos? Ante mi asombro y silencio tratan de disculpar su impertinencia con un \u201cno te preocupes, no soy de Hacienda\u201d y ah\u00ed va la segunda. Quiz\u00e1s quieran saber el precio para descubrir si el art\u00edculo es bueno o malo. Ni siquiera esta [&hellip;]<!-- AddThis Advanced Settings generic via filter on get_the_excerpt --><!-- AddThis Share Buttons generic via filter on get_the_excerpt --><\/p>\n","protected":false},"author":10,"featured_media":0,"comment_status":"open","ping_status":"closed","sticky":false,"template":"","format":"standard","meta":[],"categories":[2],"tags":[299,536,574,812],"_links":{"self":[{"href":"https:\/\/blogs.hoy.es\/migas-canas\/wp-json\/wp\/v2\/posts\/624"}],"collection":[{"href":"https:\/\/blogs.hoy.es\/migas-canas\/wp-json\/wp\/v2\/posts"}],"about":[{"href":"https:\/\/blogs.hoy.es\/migas-canas\/wp-json\/wp\/v2\/types\/post"}],"author":[{"embeddable":true,"href":"https:\/\/blogs.hoy.es\/migas-canas\/wp-json\/wp\/v2\/users\/10"}],"replies":[{"embeddable":true,"href":"https:\/\/blogs.hoy.es\/migas-canas\/wp-json\/wp\/v2\/comments?post=624"}],"version-history":[{"count":0,"href":"https:\/\/blogs.hoy.es\/migas-canas\/wp-json\/wp\/v2\/posts\/624\/revisions"}],"wp:attachment":[{"href":"https:\/\/blogs.hoy.es\/migas-canas\/wp-json\/wp\/v2\/media?parent=624"}],"wp:term":[{"taxonomy":"category","embeddable":true,"href":"https:\/\/blogs.hoy.es\/migas-canas\/wp-json\/wp\/v2\/categories?post=624"},{"taxonomy":"post_tag","embeddable":true,"href":"https:\/\/blogs.hoy.es\/migas-canas\/wp-json\/wp\/v2\/tags?post=624"}],"curies":[{"name":"wp","href":"https:\/\/api.w.org\/{rel}","templated":true}]}}