{"id":631,"date":"2015-04-30T07:11:58","date_gmt":"2015-04-30T06:11:58","guid":{"rendered":"http:\/\/blogs.hoy.es\/migas-canas\/?p=631"},"modified":"2015-04-30T07:11:58","modified_gmt":"2015-04-30T06:11:58","slug":"dos-mujeres-y-un-seat-ibiza","status":"publish","type":"post","link":"https:\/\/blogs.hoy.es\/migas-canas\/2015\/04\/30\/dos-mujeres-y-un-seat-ibiza\/","title":{"rendered":"DOS MUJERES Y UN SEAT IBIZA"},"content":{"rendered":"<p><a href=\"\/migas-canas\/wp-content\/uploads\/sites\/8\/2015\/04\/1mail.google.com_2.jpeg\"><img loading=\"lazy\" class=\"aligncenter size-thumbnail wp-image-633\" title=\"1mail.google.com\" src=\"\/migas-canas\/wp-content\/uploads\/sites\/8\/2015\/04\/1mail.google.com_2.jpg\" alt=\"\" width=\"124\" height=\"150\" \/><\/a>Una casualidad demasiado aburrida para contar aqu\u00ed ha hecho que conozca a la dos.<strong> A pesar de vivir desde hace algunos meses dentro de un Seat Ibiza no est\u00e1n contracturadas ni se quejan<\/strong>. Se llaman Isabel: <strong>Una, con su presencia silenciosa, podr\u00eda haber sido la Regula de los Santos<\/strong> <strong>Inocentes, la otra se desenvuelve bien en todos los terrenos<\/strong>. Es mejor no hablar con ellas, se les puede coger cari\u00f1o sabiendo qui\u00e9nes son y d\u00f3nde viven. <strong>Una es delgada, enjuta, callada y aunque no llega a los 50 la desconfianza de su mirada dolorida hace que parezca mayor.<\/strong> Dej\u00f3 cinco hijos en Montijo mientras <a href=\"\/migas-canas\/wp-content\/uploads\/sites\/8\/2015\/04\/IMG-20150429-WA0008.jpg\"><img loading=\"lazy\" class=\"alignright size-thumbnail wp-image-634\" title=\"IMG-20150429-WA0008\" src=\"\/migas-canas\/wp-content\/uploads\/sites\/8\/2015\/04\/IMG-20150429-WA0008.jpg\" alt=\"\" width=\"150\" height=\"150\" \/><\/a>contaba los d\u00edas que quedaban para que la echaran de la casa donde siempre hab\u00eda vivido. El d\u00eda 17 de abril la desahuciaron y se fue con su familia. Ya solo queda la otra Isabel, es m\u00e1s joven: dicharachera, simp\u00e1tica, grande; tiene dos hijos y mucho desparpajo, <strong>aunque en su cara solo se vea el agujero que le ha dejado un piercing que ya no lleva, son m\u00e1s profundos las oquedades del alma<\/strong>. Igual que Goitysolo no entiende de protocolo,lleva puesta una mallas negras que lo mismo le sirven para hablar con pol\u00edticos y prensa como de pijama en los asientos reclinables de su coche.<\/p>\n<p>Tambi\u00e9n, por casualidad, un d\u00eda que fui a las Vaguadas, pase por esa casa color teja donde me llamo la atenci\u00f3n un coche de la polic\u00eda vac\u00edo y una garita con los polic\u00edas dentro. un poco m\u00e1s adelante un Seat Ibiza viejo estropeaba, m\u00e1s que el cubo de la Plaza Alta, <strong>un entorno de calles limpias y chalets con \u00e1rboles, flores y olor a primavera y donde se adivina, que de fachada para dentro, viven familias felices con ni\u00f1os rubitos y perros cari\u00f1osos a los que acariciar y pasea<\/strong>r, c\u00e9sped alrededor de una piscina o una pista de tenis <a href=\"\/migas-canas\/wp-content\/uploads\/sites\/8\/2015\/04\/IMG-20150429-WA0010.jpg\"><img loading=\"lazy\" class=\"alignleft size-medium wp-image-635\" title=\"IMG-20150429-WA0010\" src=\"\/migas-canas\/wp-content\/uploads\/sites\/8\/2015\/04\/IMG-20150429-WA0010.jpg\" alt=\"\" width=\"134\" height=\"300\" srcset=\"https:\/\/static-blogs.hoy.es\/wp-content\/uploads\/sites\/8\/2015\/04\/IMG-20150429-WA0010.jpg 572w, https:\/\/static-blogs.hoy.es\/wp-content\/uploads\/sites\/8\/2015\/04\/IMG-20150429-WA0010-134x300.jpg 134w, https:\/\/static-blogs.hoy.es\/wp-content\/uploads\/sites\/8\/2015\/04\/IMG-20150429-WA0010-458x1024.jpg 458w\" sizes=\"(max-width: 134px) 100vw, 134px\" \/><\/a>o p\u00e1del; una est\u00e9tica placentera que rompe un Seat Ibiza blanco con matricula BA llenos de pancartas y tapados por s\u00e1banas donde se puede leer: \u201cuna vivienda digna\u201d \u201c no a los desahucios\u201d. <strong>No s\u00e9 porqu\u00e9 me viene a la memoria aquella fotograf\u00eda en las que dos chicas en minifalda jugaban al golf mientras inmigrantes saltaban la valla acosados por la polic\u00eda. Contrastes de la vida \u201cunos nacen estrellados otros con estrellas\u201d.<\/strong><\/p>\n<p>&nbsp;<\/p>\n<!-- AddThis Advanced Settings generic via filter on the_content --><!-- AddThis Share Buttons generic via filter on the_content -->","protected":false},"excerpt":{"rendered":"<p>Una casualidad demasiado aburrida para contar aqu\u00ed ha hecho que conozca a la dos. A pesar de vivir desde hace algunos meses dentro de un Seat Ibiza no est\u00e1n contracturadas ni se quejan. Se llaman Isabel: Una, con su presencia silenciosa, podr\u00eda haber sido la Regula de los Santos Inocentes, la otra se desenvuelve bien [&hellip;]<!-- AddThis Advanced Settings generic via filter on get_the_excerpt --><!-- AddThis Share Buttons generic via filter on get_the_excerpt --><\/p>\n","protected":false},"author":10,"featured_media":0,"comment_status":"open","ping_status":"closed","sticky":false,"template":"","format":"standard","meta":[],"categories":[2],"tags":[547,742,747,903,952,953,1049],"_links":{"self":[{"href":"https:\/\/blogs.hoy.es\/migas-canas\/wp-json\/wp\/v2\/posts\/631"}],"collection":[{"href":"https:\/\/blogs.hoy.es\/migas-canas\/wp-json\/wp\/v2\/posts"}],"about":[{"href":"https:\/\/blogs.hoy.es\/migas-canas\/wp-json\/wp\/v2\/types\/post"}],"author":[{"embeddable":true,"href":"https:\/\/blogs.hoy.es\/migas-canas\/wp-json\/wp\/v2\/users\/10"}],"replies":[{"embeddable":true,"href":"https:\/\/blogs.hoy.es\/migas-canas\/wp-json\/wp\/v2\/comments?post=631"}],"version-history":[{"count":0,"href":"https:\/\/blogs.hoy.es\/migas-canas\/wp-json\/wp\/v2\/posts\/631\/revisions"}],"wp:attachment":[{"href":"https:\/\/blogs.hoy.es\/migas-canas\/wp-json\/wp\/v2\/media?parent=631"}],"wp:term":[{"taxonomy":"category","embeddable":true,"href":"https:\/\/blogs.hoy.es\/migas-canas\/wp-json\/wp\/v2\/categories?post=631"},{"taxonomy":"post_tag","embeddable":true,"href":"https:\/\/blogs.hoy.es\/migas-canas\/wp-json\/wp\/v2\/tags?post=631"}],"curies":[{"name":"wp","href":"https:\/\/api.w.org\/{rel}","templated":true}]}}