{"id":637,"date":"2015-05-15T09:56:21","date_gmt":"2015-05-15T08:56:21","guid":{"rendered":"http:\/\/blogs.hoy.es\/migas-canas\/?p=637"},"modified":"2015-05-15T09:56:21","modified_gmt":"2015-05-15T08:56:21","slug":"badajoz-desayuna-en-la-calle","status":"publish","type":"post","link":"https:\/\/blogs.hoy.es\/migas-canas\/2015\/05\/15\/badajoz-desayuna-en-la-calle\/","title":{"rendered":"BADAJOZ DESAYUNA EN LA CALLE"},"content":{"rendered":"<div id=\"attachment_638\" style=\"width: 170px\" class=\"wp-caption aligncenter\"><a href=\"\/migas-canas\/wp-content\/uploads\/sites\/8\/2015\/05\/mail.google.com_.jpeg\"><img aria-describedby=\"caption-attachment-638\" loading=\"lazy\" class=\" wp-image-638\" title=\"mail.google.com\" src=\"\/migas-canas\/wp-content\/uploads\/sites\/8\/2015\/05\/mail.google.com_.jpeg\" alt=\"\" width=\"160\" height=\"187\" \/><\/a><p id=\"caption-attachment-638\" class=\"wp-caption-text\">Bar el Cortijo<\/p><\/div>\n<p style=\"text-align: center;\">Igual que los trabajadores de las grandes ciudades suelen tomar el men\u00fa del d\u00eda en bares cercanos a sus trabajos, <strong>en Badajoz se desayuna en la calle.<\/strong> Yo voy a el <strong>bar la Parada<\/strong> que esta en la Estaci\u00f3n de Autobuses. Manolo, cuando me ve entrar, pide al cocinero<strong> una catalana con jam\u00f3n<\/strong>. Los que vamos a esa hora, sobre las once, nos conocemos: el fontanero, la portuguesa, Andr\u00e9s,el se\u00f1or que me pide el peri\u00f3dico para ver los resultados de la la loto&#8230; <strong>Todos los d\u00edas tengo media hora para disfrutar de esos placeres sencillos que tanto me gustan: un caf\u00e9 con leche, media tostada y el peri\u00f3dico.<\/strong><\/p>\n<div id=\"attachment_640\" style=\"width: 231px\" class=\"wp-caption alignleft\"><a href=\"\/migas-canas\/wp-content\/uploads\/sites\/8\/2015\/05\/2mail.google.com_.jpeg\"><img aria-describedby=\"caption-attachment-640\" loading=\"lazy\" class=\"size-full wp-image-640\" title=\"iglesia del Corazon de Jes\u00fas\" src=\"\/migas-canas\/wp-content\/uploads\/sites\/8\/2015\/05\/2mail.google.com_.jpeg\" alt=\"iglesia del Coraz\u00f3n de Jes\u00fas\" width=\"221\" height=\"166\" \/><\/a><p id=\"caption-attachment-640\" class=\"wp-caption-text\">Iglesia del Coraz\u00f3n de Jes\u00fas<\/p><\/div>\n<p><strong>Los s\u00e1bado y domingos voy a otros lugares, con menos prisas y m\u00e1s pausa<\/strong>. Entre los que repito esta el bar<strong> El Cortijo en el Coraz\u00f3n de<\/strong> <strong>Jes\u00fa<\/strong>s. Siempre que voy llevo el peri\u00f3dico, porque al entrar, lo primero que se ve es un letrero donde dice que el que tenga el peri\u00f3dico m\u00e1s de un cuarto de hora tendr\u00e1 que leerlo en voz alta para que se enteren todos los clientes, excepto si traes el tuyo. Este mismo texto lo he visto en otros bares, pero el del Coraz\u00f3n de Jes\u00fas fue el primero en ponerlo. <strong>El peri\u00f3dico se ha convertido en una ofertas imprescindible a la hora del desayuno. En todos los bares puedes <\/strong>encontrar el HOY y alg\u00fan peri\u00f3dico deportivo.<\/p>\n<p>En el Coraz\u00f3n de Jes\u00fas se respira la misma calma que en el campo que le rodea, se da esa otra forma de medir el tiempo, sin medirlo, sin reloj, dej\u00e1ndose llevar por la luna y el sol sin temor al imparable tic tac, un lugar donde nadie tiene prisa. <strong>Los que frecuentan el bar del Cortijo suelen ser vecinos que viven en las parcelas cercanas;<\/strong> tambi\u00e9n clientes y trabajadores de muebles Refolio; personas que van o viene de Olivenza; <strong>algunas veces entran los que van a visitar a sus familiares a la c\u00e1rcel, y las novias o mujeres de los que ese d\u00eda les toca el bis a bis arreglada de peluquer\u00eda y bien perfumadas.<a href=\"\/migas-canas\/wp-content\/uploads\/sites\/8\/2015\/05\/4mail.google.com_.jpeg\"><img loading=\"lazy\" class=\"alignright size-full wp-image-643\" title=\"4mail.google.com\" src=\"\/migas-canas\/wp-content\/uploads\/sites\/8\/2015\/05\/4mail.google.com_.jpeg\" alt=\"\" width=\"221\" height=\"166\" \/><\/a><\/strong><\/p>\n<p>Hay otros lugares, otros bares :<strong>Villafranco, la Estaci\u00f3n, San Roque, Valdepasillas, Pardaleras;<\/strong>muchos locales que dan desayunos;<strong> unos especializado en churros, otros en migas; existen distintos precios, distintos ambientes una variedad amplia que se necesitar\u00eda de var\u00edas Plazas Altas para poder escribir de todos. Badajoz desayuna en Los bares<\/strong><\/p>\n<!-- AddThis Advanced Settings generic via filter on the_content --><!-- AddThis Share Buttons generic via filter on the_content -->","protected":false},"excerpt":{"rendered":"<p>Igual que los trabajadores de las grandes ciudades suelen tomar el men\u00fa del d\u00eda en bares cercanos a sus trabajos, en Badajoz se desayuna en la calle. Yo voy a el bar la Parada que esta en la Estaci\u00f3n de Autobuses. Manolo, cuando me ve entrar, pide al cocinero una catalana con jam\u00f3n. Los que [&hellip;]<!-- AddThis Advanced Settings generic via filter on get_the_excerpt --><!-- AddThis Share Buttons generic via filter on get_the_excerpt --><\/p>\n","protected":false},"author":10,"featured_media":0,"comment_status":"open","ping_status":"closed","sticky":false,"template":"","format":"standard","meta":[],"categories":[2],"tags":[116,118,120,271,307,724,1031],"_links":{"self":[{"href":"https:\/\/blogs.hoy.es\/migas-canas\/wp-json\/wp\/v2\/posts\/637"}],"collection":[{"href":"https:\/\/blogs.hoy.es\/migas-canas\/wp-json\/wp\/v2\/posts"}],"about":[{"href":"https:\/\/blogs.hoy.es\/migas-canas\/wp-json\/wp\/v2\/types\/post"}],"author":[{"embeddable":true,"href":"https:\/\/blogs.hoy.es\/migas-canas\/wp-json\/wp\/v2\/users\/10"}],"replies":[{"embeddable":true,"href":"https:\/\/blogs.hoy.es\/migas-canas\/wp-json\/wp\/v2\/comments?post=637"}],"version-history":[{"count":0,"href":"https:\/\/blogs.hoy.es\/migas-canas\/wp-json\/wp\/v2\/posts\/637\/revisions"}],"wp:attachment":[{"href":"https:\/\/blogs.hoy.es\/migas-canas\/wp-json\/wp\/v2\/media?parent=637"}],"wp:term":[{"taxonomy":"category","embeddable":true,"href":"https:\/\/blogs.hoy.es\/migas-canas\/wp-json\/wp\/v2\/categories?post=637"},{"taxonomy":"post_tag","embeddable":true,"href":"https:\/\/blogs.hoy.es\/migas-canas\/wp-json\/wp\/v2\/tags?post=637"}],"curies":[{"name":"wp","href":"https:\/\/api.w.org\/{rel}","templated":true}]}}