{"id":644,"date":"2015-06-03T09:09:45","date_gmt":"2015-06-03T08:09:45","guid":{"rendered":"http:\/\/blogs.hoy.es\/migas-canas\/?p=644"},"modified":"2015-06-03T09:09:45","modified_gmt":"2015-06-03T08:09:45","slug":"acabo-el-circo","status":"publish","type":"post","link":"https:\/\/blogs.hoy.es\/migas-canas\/2015\/06\/03\/acabo-el-circo\/","title":{"rendered":"ACAB\u00d3 EL CIRCO"},"content":{"rendered":"<p><strong><a href=\"\/migas-canas\/wp-content\/uploads\/sites\/8\/2015\/06\/320150522_2140441.jpg\"><img loading=\"lazy\" class=\"aligncenter size-medium wp-image-647\" title=\"320150522_214044\" src=\"\/migas-canas\/wp-content\/uploads\/sites\/8\/2015\/06\/320150522_2140441.jpg\" alt=\"\" width=\"300\" height=\"225\" srcset=\"https:\/\/static-blogs.hoy.es\/wp-content\/uploads\/sites\/8\/2015\/06\/320150522_2140441.jpg 2560w, https:\/\/static-blogs.hoy.es\/wp-content\/uploads\/sites\/8\/2015\/06\/320150522_2140441-300x225.jpg 300w, https:\/\/static-blogs.hoy.es\/wp-content\/uploads\/sites\/8\/2015\/06\/320150522_2140441-768x576.jpg 768w, https:\/\/static-blogs.hoy.es\/wp-content\/uploads\/sites\/8\/2015\/06\/320150522_2140441-1024x768.jpg 1024w\" sizes=\"(max-width: 300px) 100vw, 300px\" \/><\/a>Se acabaron los besos, pisar los charcos de los barrios, invitar a caf\u00e9,coger la lupa de las ni\u00f1as.<\/strong> El show de la campa\u00f1a, que empez\u00f3 mucho antes de la campa\u00f1a, hace unos cuatro a\u00f1os, se ha llevado por delante al pol\u00edtico con dotes de actor. <strong>Encima de un escenario le basta con un pinganillo para seducir a un p\u00fablico ya seducido<\/strong>. Fui a verlo a la plaza Conquistadores, <strong>hombres y mujeres bien peinados mec\u00edan banderas extreme\u00f1as al ritmo rapero de una desali\u00f1ada chica ante un p\u00fablico de camisas de rayas pulcramente planchadas y metidas dentro de pantalones de tela<\/strong> mientras mujeres rubias,puesta en pie, aplaud\u00edan. Al final del mitin actuaron los cantores de Hispalis. A los dos d\u00edas llegaron las votaciones, acab\u00f3 la diversi\u00f3n llegaron las urnas y mandaron parar.<br \/>\n<strong>La campa\u00f1a electoral exhibe la sagacidad de sus publicitas poniendo encima del escenario a sus actore<\/strong>s. En esta ocasi\u00f3n la sobriedad<a href=\"\/migas-canas\/wp-content\/uploads\/sites\/8\/2015\/06\/20150521_215224.jpg\"><img loading=\"lazy\" class=\"alignright size-medium wp-image-648\" title=\"20150521_215224\" src=\"\/migas-canas\/wp-content\/uploads\/sites\/8\/2015\/06\/20150521_215224.jpg\" alt=\"\" width=\"300\" height=\"225\" srcset=\"https:\/\/static-blogs.hoy.es\/wp-content\/uploads\/sites\/8\/2015\/06\/20150521_215224.jpg 2560w, https:\/\/static-blogs.hoy.es\/wp-content\/uploads\/sites\/8\/2015\/06\/20150521_215224-300x225.jpg 300w, https:\/\/static-blogs.hoy.es\/wp-content\/uploads\/sites\/8\/2015\/06\/20150521_215224-768x576.jpg 768w, https:\/\/static-blogs.hoy.es\/wp-content\/uploads\/sites\/8\/2015\/06\/20150521_215224-1024x768.jpg 1024w\" sizes=\"(max-width: 300px) 100vw, 300px\" \/><\/a> de Vara se ha impuesto al espect\u00e1culo de Monago. Son tiempos de austeridad. La campa\u00f1a de Vara la ha realizado el adversario. mientras m\u00e1s hablaba Monago m\u00e1s favorec\u00eda a Vara. <strong>A Monago tambi\u00e9n le ha derrotado sus silencios, lo que no dijo en la cadena SER y en la entrevista no realizada al HOY: genera m\u00e1s sospecha lo que no se dice que lo que se calla.<\/strong><br \/>\nHac\u00eda a\u00f1os que no iba a un mitin y este a\u00f1o he ido a dos.<strong> Adem\u00e1s del PP he visto a Podemos<\/strong>. un d\u00eda sal\u00ed a hacer deporte y termine en la Plaza Alta en ch\u00e1ndal escuchando a \u00c1lvaro Jaen. Mi est\u00e9tica no desentonaba con el vestuario de los asistentes. <strong>Me gust\u00f3 Remigio Cordero<\/strong>, hasta me hice su amigo facebok.<br \/>\nAlvaro Jaen,tan pronto estaba entre el p\u00fablico como sentado en el suelo repasando las notas de su discurso, como un estudiante momentos antes de un examen importante.<br \/>\n<strong>En el el mitin de Podemos me traslade a\u00f1os atr\u00e1s, cuando me sentaba a la puerta de los bares a compartir litronas que iba de mano en mano.<\/strong> Habl\u00e1bamos de las misma cosas y con el mismo entusiasmo que habla Alvaro.<br \/>\nMientras interven\u00eda Alvaro Jaen, <strong>alguien del p\u00fablico grito: \u00a1 Presidente! \u00a1Presidente! me recorri\u00f3 un escalofr\u00edo, no me lo imaginaba como Presidente.<\/strong> Solo fui a estos dos m\u00edtines. Me hubiera gustado ver a Vara a Pedro Escobar a Tania Sanchez pero me coincidi\u00f3 con la feria del libro y entre unas cosas y otra eleg\u00ed los libros. Ahora el que gobierne que lo haga para todos y no para unos cuantos. con honestidad y transparencia <a href=\"\/migas-canas\/wp-content\/uploads\/sites\/8\/2015\/06\/120150521_213611.jpg\"><img loading=\"lazy\" class=\"alignleft size-medium wp-image-649\" title=\"120150521_213611\" src=\"\/migas-canas\/wp-content\/uploads\/sites\/8\/2015\/06\/120150521_213611.jpg\" alt=\"\" width=\"300\" height=\"225\" srcset=\"https:\/\/static-blogs.hoy.es\/wp-content\/uploads\/sites\/8\/2015\/06\/120150521_213611.jpg 2560w, https:\/\/static-blogs.hoy.es\/wp-content\/uploads\/sites\/8\/2015\/06\/120150521_213611-300x225.jpg 300w, https:\/\/static-blogs.hoy.es\/wp-content\/uploads\/sites\/8\/2015\/06\/120150521_213611-768x576.jpg 768w, https:\/\/static-blogs.hoy.es\/wp-content\/uploads\/sites\/8\/2015\/06\/120150521_213611-1024x768.jpg 1024w\" sizes=\"(max-width: 300px) 100vw, 300px\" \/><\/a>buscando el bien de los ciudadanos antes que el suyo.<\/p>\n<!-- AddThis Advanced Settings generic via filter on the_content --><!-- AddThis Share Buttons generic via filter on the_content -->","protected":false},"excerpt":{"rendered":"<p>Se acabaron los besos, pisar los charcos de los barrios, invitar a caf\u00e9,coger la lupa de las ni\u00f1as. El show de la campa\u00f1a, que empez\u00f3 mucho antes de la campa\u00f1a, hace unos cuatro a\u00f1os, se ha llevado por delante al pol\u00edtico con dotes de actor. Encima de un escenario le basta con un pinganillo para [&hellip;]<!-- AddThis Advanced Settings generic via filter on get_the_excerpt --><!-- AddThis Share Buttons generic via filter on get_the_excerpt --><\/p>\n","protected":false},"author":10,"featured_media":0,"comment_status":"open","ping_status":"closed","sticky":false,"template":"","format":"standard","meta":[],"categories":[2],"tags":[43,742,827,861,871,880,905,960,1062],"_links":{"self":[{"href":"https:\/\/blogs.hoy.es\/migas-canas\/wp-json\/wp\/v2\/posts\/644"}],"collection":[{"href":"https:\/\/blogs.hoy.es\/migas-canas\/wp-json\/wp\/v2\/posts"}],"about":[{"href":"https:\/\/blogs.hoy.es\/migas-canas\/wp-json\/wp\/v2\/types\/post"}],"author":[{"embeddable":true,"href":"https:\/\/blogs.hoy.es\/migas-canas\/wp-json\/wp\/v2\/users\/10"}],"replies":[{"embeddable":true,"href":"https:\/\/blogs.hoy.es\/migas-canas\/wp-json\/wp\/v2\/comments?post=644"}],"version-history":[{"count":0,"href":"https:\/\/blogs.hoy.es\/migas-canas\/wp-json\/wp\/v2\/posts\/644\/revisions"}],"wp:attachment":[{"href":"https:\/\/blogs.hoy.es\/migas-canas\/wp-json\/wp\/v2\/media?parent=644"}],"wp:term":[{"taxonomy":"category","embeddable":true,"href":"https:\/\/blogs.hoy.es\/migas-canas\/wp-json\/wp\/v2\/categories?post=644"},{"taxonomy":"post_tag","embeddable":true,"href":"https:\/\/blogs.hoy.es\/migas-canas\/wp-json\/wp\/v2\/tags?post=644"}],"curies":[{"name":"wp","href":"https:\/\/api.w.org\/{rel}","templated":true}]}}