{"id":65,"date":"2011-07-31T08:25:35","date_gmt":"2011-07-31T07:25:35","guid":{"rendered":"http:\/\/blogs.hoy.es\/migas-canas\/?p=65"},"modified":"2011-07-31T08:25:35","modified_gmt":"2011-07-31T07:25:35","slug":"verano-azul-con-pinceladas-rojas","status":"publish","type":"post","link":"https:\/\/blogs.hoy.es\/migas-canas\/2011\/07\/31\/verano-azul-con-pinceladas-rojas\/","title":{"rendered":"VERANO AZUL CON PINCELADAS ROJAS"},"content":{"rendered":"<p>&nbsp;<\/p>\n<p>VERANO AZUL CON PINCELADAS ROJAS<\/p>\n<p>&nbsp;<\/p>\n<p>Llega el verano. Enflaquecen los peri\u00f3dicos. Los inventores de frases llaman ola de calor a lo que antes llamabamos verano, las cosas se repiten empleando frases embellecidas, para eso algunos escritores hacen semanalmente una columna y otros, aficionados, escribimos cartas al director en busca de la columna que no llega. La actualidad es r\u00e1pida. \u00bfDonde esta ahora Escobar? Dentro de unos d\u00edas recordaremos m\u00e1s al Escobar del carro que al del remo.La pol\u00edtica, igual que el puchero, no son platos de verano. Ahora hablamos m\u00e1s del calor, del asesinato de Logros\u00e1n, de la multa a prostitutas y clientes o de los disparos del ferial. Noticias que son m\u00e1s frescas y sencillas para unas fatigadas cabezas que piensan m\u00e1s en chiringuitos y mar, en la fascinaci\u00f3n de la nada, que en problemas. La pol\u00edtica sigue ah\u00ed, ahora con un nuevo traje azul y rojo deseando subirse al escenario para mostrarnos toda su fortaleza y capacidad. En ocasiones tomamos a la pol\u00edtica a la ligera pero sus decisiones afectan a nuestras vidas y a nuestras formas de vivir.Algunas veces so\u00f1amos con lo que podr\u00edamos ser cuando solo somos lo que hemos votado. La pol\u00edtica no es solo de pol\u00edticos, la pol\u00edtica es nuestra.No la podemos dejar en verano Aunque en verano, desde el arrullo adormecedor de la chicharra nos aburra como aburre a un mal bachiller tener que estudiar matem\u00e1ticas.<\/p>\n<!-- AddThis Advanced Settings generic via filter on the_content --><!-- AddThis Share Buttons generic via filter on the_content -->","protected":false},"excerpt":{"rendered":"<p>&nbsp; VERANO AZUL CON PINCELADAS ROJAS &nbsp; Llega el verano. Enflaquecen los peri\u00f3dicos. Los inventores de frases llaman ola de calor a lo que antes llamabamos verano, las cosas se repiten empleando frases embellecidas, para eso algunos escritores hacen semanalmente una columna y otros, aficionados, escribimos cartas al director en busca de la columna que [&hellip;]<!-- AddThis Advanced Settings generic via filter on get_the_excerpt --><!-- AddThis Share Buttons generic via filter on get_the_excerpt --><\/p>\n","protected":false},"author":10,"featured_media":0,"comment_status":"open","ping_status":"closed","sticky":false,"template":"","format":"standard","meta":[],"categories":[4],"tags":[],"_links":{"self":[{"href":"https:\/\/blogs.hoy.es\/migas-canas\/wp-json\/wp\/v2\/posts\/65"}],"collection":[{"href":"https:\/\/blogs.hoy.es\/migas-canas\/wp-json\/wp\/v2\/posts"}],"about":[{"href":"https:\/\/blogs.hoy.es\/migas-canas\/wp-json\/wp\/v2\/types\/post"}],"author":[{"embeddable":true,"href":"https:\/\/blogs.hoy.es\/migas-canas\/wp-json\/wp\/v2\/users\/10"}],"replies":[{"embeddable":true,"href":"https:\/\/blogs.hoy.es\/migas-canas\/wp-json\/wp\/v2\/comments?post=65"}],"version-history":[{"count":0,"href":"https:\/\/blogs.hoy.es\/migas-canas\/wp-json\/wp\/v2\/posts\/65\/revisions"}],"wp:attachment":[{"href":"https:\/\/blogs.hoy.es\/migas-canas\/wp-json\/wp\/v2\/media?parent=65"}],"wp:term":[{"taxonomy":"category","embeddable":true,"href":"https:\/\/blogs.hoy.es\/migas-canas\/wp-json\/wp\/v2\/categories?post=65"},{"taxonomy":"post_tag","embeddable":true,"href":"https:\/\/blogs.hoy.es\/migas-canas\/wp-json\/wp\/v2\/tags?post=65"}],"curies":[{"name":"wp","href":"https:\/\/api.w.org\/{rel}","templated":true}]}}