{"id":653,"date":"2015-06-19T09:26:00","date_gmt":"2015-06-19T08:26:00","guid":{"rendered":"http:\/\/blogs.hoy.es\/migas-canas\/?p=653"},"modified":"2015-06-19T09:26:00","modified_gmt":"2015-06-19T08:26:00","slug":"653","status":"publish","type":"post","link":"https:\/\/blogs.hoy.es\/migas-canas\/2015\/06\/19\/653\/","title":{"rendered":"A LA ORILLA DEL RIO"},"content":{"rendered":"<p>&nbsp;<\/p>\n<p style=\"margin-bottom: 0cm;\"><a href=\"\/migas-canas\/wp-content\/uploads\/sites\/8\/2015\/06\/1-IMG_20150613_130704-11.jpg\"><img loading=\"lazy\" class=\"aligncenter size-medium wp-image-657\" title=\"1 IMG_20150613_130704-1\" src=\"\/migas-canas\/wp-content\/uploads\/sites\/8\/2015\/06\/1-IMG_20150613_130704-11.jpg\" alt=\"\" width=\"300\" height=\"180\" srcset=\"https:\/\/static-blogs.hoy.es\/wp-content\/uploads\/sites\/8\/2015\/06\/1-IMG_20150613_130704-11.jpg 2880w, https:\/\/static-blogs.hoy.es\/wp-content\/uploads\/sites\/8\/2015\/06\/1-IMG_20150613_130704-11-300x180.jpg 300w, https:\/\/static-blogs.hoy.es\/wp-content\/uploads\/sites\/8\/2015\/06\/1-IMG_20150613_130704-11-768x461.jpg 768w, https:\/\/static-blogs.hoy.es\/wp-content\/uploads\/sites\/8\/2015\/06\/1-IMG_20150613_130704-11-1024x614.jpg 1024w\" sizes=\"(max-width: 300px) 100vw, 300px\" \/><\/a><strong>Me puse el pantal\u00f3n corto,la camiseta de deporte, el casco y sal\u00ed con la bicicleta al nuevo Paseo del R\u00ed<\/strong>o que fue inaugurado por los pacenses sin esperar elecciones. Siempre voy a lo nuevo con la misma expectaci\u00f3n ya sea el Camino del R\u00edo o el Faro. <strong>El Far<\/strong>o me recuerda ese otro centro comercial que esta en Madrid, la Vaguada. Un espacio de varias plantas que es como nuestro Faro pero en grande. Vamos, como son las cosas en Madrid desde que fue alcalde Gallard\u00f3n.<\/p>\n<p style=\"margin-bottom: 0cm;\"><strong>La Vaguada de Madrid tambi\u00e9n tiene otra fuente donde me siento\u00a0 durante horas a mirar a los que pasan<\/strong>. Sin embargo, aqu\u00ed conozco a mucha gente y no paro de levantarme para saludar, es como estar en la Antilla, pierdo el anonimato que gano en la capital donde puedo observar sin pudor: caras, gestos y hasta pensamientos. Al Faro he ido dos o tres veces buscando gangas que no he encontrado, estar\u00eda camuflada entre la magnitud de perchas y estantes abarrotadas de prendas manos y<a href=\"\/migas-canas\/wp-content\/uploads\/sites\/8\/2015\/06\/IMG_20150613_1307471.jpg\"><img loading=\"lazy\" class=\"alignright size-medium wp-image-660\" title=\"IMG_20150613_130747\" src=\"\/migas-canas\/wp-content\/uploads\/sites\/8\/2015\/06\/IMG_20150613_1307471.jpg\" alt=\"\" width=\"300\" height=\"180\" srcset=\"https:\/\/static-blogs.hoy.es\/wp-content\/uploads\/sites\/8\/2015\/06\/IMG_20150613_1307471.jpg 2880w, https:\/\/static-blogs.hoy.es\/wp-content\/uploads\/sites\/8\/2015\/06\/IMG_20150613_1307471-300x180.jpg 300w, https:\/\/static-blogs.hoy.es\/wp-content\/uploads\/sites\/8\/2015\/06\/IMG_20150613_1307471-768x461.jpg 768w, https:\/\/static-blogs.hoy.es\/wp-content\/uploads\/sites\/8\/2015\/06\/IMG_20150613_1307471-1024x614.jpg 1024w\" sizes=\"(max-width: 300px) 100vw, 300px\" \/><\/a> empujones buscando como un tesoro tallas colores y precios. Prefiero espacios al aire libre, respirar profundamente y mirar a un horizonte lejano. <strong>El paseo de la margen derecha es un lugar que trasmite la sensaci\u00f3n de que no estar en Badajoz<\/strong>, parece que caminas por una ciudad nueva entre personas que andan, corren o pedalean; padres empujan columpios; j\u00f3venes juegan al f\u00fatbol en pistas donde se puede chutar porque hay porter\u00edas con red que recogen el bal\u00f3n, no como hace a\u00f1os donde los postes eran dos piedras y si era gol o no, lo <a href=\"\/migas-canas\/wp-content\/uploads\/sites\/8\/2015\/06\/IMG_20150618_220642.jpg\"><img loading=\"lazy\" class=\"alignleft size-medium wp-image-658\" title=\"IMG_20150618_220642\" src=\"\/migas-canas\/wp-content\/uploads\/sites\/8\/2015\/06\/IMG_20150618_220642.jpg\" alt=\"\" width=\"300\" height=\"180\" srcset=\"https:\/\/static-blogs.hoy.es\/wp-content\/uploads\/sites\/8\/2015\/06\/IMG_20150618_220642.jpg 2880w, https:\/\/static-blogs.hoy.es\/wp-content\/uploads\/sites\/8\/2015\/06\/IMG_20150618_220642-300x180.jpg 300w, https:\/\/static-blogs.hoy.es\/wp-content\/uploads\/sites\/8\/2015\/06\/IMG_20150618_220642-768x461.jpg 768w, https:\/\/static-blogs.hoy.es\/wp-content\/uploads\/sites\/8\/2015\/06\/IMG_20150618_220642-1024x614.jpg 1024w\" sizes=\"(max-width: 300px) 100vw, 300px\" \/><\/a>decid\u00eda el m\u00e1s duro de la pandilla que era el que mandaba junto con el due\u00f1o del bal\u00f3n. Los baloncestistas ya no hacen punter\u00eda en papeleras a la altura del suelo porque hay canastas de verdad. <strong>Los j\u00f3venes de ahora tienen m\u00e1s medios y posibilidades de ocio por eso es dif\u00edcil entender que se encierren en un mundo virtual de m\u00f3vil, ordenador y sill\u00f3n<\/strong> cuando la juventud rebosa energ\u00eda. Me alegra haber pertenecido a la generaci\u00f3n que ha salido a la calle a jugar, hemos tenido amigos de carne y hueso y tirado los tejos a las chichas cara a cara.<\/p>\n<p style=\"margin-bottom: 0cm;\"><strong>Siento alegr\u00eda al ver a tantas personas por los paseos del r\u00edo. Me hace sentir una sensaci\u00f3n de regreso a mi juventud en el embarcadero. Un viaje a ese tiempo lejano que parece pr\u00f3ximo. Cada vez que voy por la orilla del r\u00edo, la brisa del recuerdo me roza la piel produciendo un placentero y extra\u00f1o escalofr\u00edo<\/strong><\/p>\n<!-- AddThis Advanced Settings generic via filter on the_content --><!-- AddThis Share Buttons generic via filter on the_content -->","protected":false},"excerpt":{"rendered":"<p>&nbsp; Me puse el pantal\u00f3n corto,la camiseta de deporte, el casco y sal\u00ed con la bicicleta al nuevo Paseo del R\u00edo que fue inaugurado por los pacenses sin esperar elecciones. Siempre voy a lo nuevo con la misma expectaci\u00f3n ya sea el Camino del R\u00edo o el Faro. El Faro me recuerda ese otro centro [&hellip;]<!-- AddThis Advanced Settings generic via filter on get_the_excerpt --><!-- AddThis Share Buttons generic via filter on get_the_excerpt --><\/p>\n","protected":false},"author":11,"featured_media":0,"comment_status":"open","ping_status":"closed","sticky":false,"template":"","format":"standard","meta":[],"categories":[2],"tags":[435,506,665,688,913,1049],"_links":{"self":[{"href":"https:\/\/blogs.hoy.es\/migas-canas\/wp-json\/wp\/v2\/posts\/653"}],"collection":[{"href":"https:\/\/blogs.hoy.es\/migas-canas\/wp-json\/wp\/v2\/posts"}],"about":[{"href":"https:\/\/blogs.hoy.es\/migas-canas\/wp-json\/wp\/v2\/types\/post"}],"author":[{"embeddable":true,"href":"https:\/\/blogs.hoy.es\/migas-canas\/wp-json\/wp\/v2\/users\/11"}],"replies":[{"embeddable":true,"href":"https:\/\/blogs.hoy.es\/migas-canas\/wp-json\/wp\/v2\/comments?post=653"}],"version-history":[{"count":0,"href":"https:\/\/blogs.hoy.es\/migas-canas\/wp-json\/wp\/v2\/posts\/653\/revisions"}],"wp:attachment":[{"href":"https:\/\/blogs.hoy.es\/migas-canas\/wp-json\/wp\/v2\/media?parent=653"}],"wp:term":[{"taxonomy":"category","embeddable":true,"href":"https:\/\/blogs.hoy.es\/migas-canas\/wp-json\/wp\/v2\/categories?post=653"},{"taxonomy":"post_tag","embeddable":true,"href":"https:\/\/blogs.hoy.es\/migas-canas\/wp-json\/wp\/v2\/tags?post=653"}],"curies":[{"name":"wp","href":"https:\/\/api.w.org\/{rel}","templated":true}]}}