{"id":66,"date":"2011-08-07T16:28:06","date_gmt":"2011-08-07T15:28:06","guid":{"rendered":"http:\/\/blogs.hoy.es\/migas-canas\/?p=66"},"modified":"2011-08-07T16:28:06","modified_gmt":"2011-08-07T15:28:06","slug":"abierto-en-vacaciones","status":"publish","type":"post","link":"https:\/\/blogs.hoy.es\/migas-canas\/2011\/08\/07\/abierto-en-vacaciones\/","title":{"rendered":"ABIERTO EN VACACIONES"},"content":{"rendered":"<p>El verano ha llegado. Se ha presentado a finales de julio cantando los 40.Los s\u00edntomas de este a\u00f1o son diferentes. la ciudad no esta vac\u00eda. Al contrario que otros agostos, donde aparcar era facil, seguimos teniendo dificultad a la hora de dejar el coche.Por las calles caminan los mismos que en invierno. Este a\u00f1o no nos hemos ido. Los locales que antes colgaban el cartel \u201ccerrado por vacaciones\u201d lo han cambiado por el de \u201cse traspasa\u201d.Aunque parezca que no haya compradores siempre aparece un chino con la cartera llena. Dicen que la \u00fanica econom\u00eda boyante es la suya. En un Badajoz en paro, ellos son los \u00fanicos que no paran. Ajenos al triunfo social de a\u00f1os de lucha sindical, cuando los sindicatos eran sindicatos y consiguieron dignificar el trabajo con vacaciones, horarios razonable para poder dedicar tiempo a la familia, al ocio,al descanso,logros que son desconocidos para el sistema laboral oriental. Ahora que se derruban todas las econom\u00edas la suya prospera. Quiz\u00e1s la soluci\u00f3n sea esa. Dar marcha atr\u00e1s y volver a trabajar de sol a sol. Hasta ponernos amarillos.Pero eso ya no lo queremos.<\/p>\n<p>&nbsp;<\/p>\n<!-- AddThis Advanced Settings generic via filter on the_content --><!-- AddThis Share Buttons generic via filter on the_content -->","protected":false},"excerpt":{"rendered":"<p>El verano ha llegado. Se ha presentado a finales de julio cantando los 40.Los s\u00edntomas de este a\u00f1o son diferentes. la ciudad no esta vac\u00eda. Al contrario que otros agostos, donde aparcar era facil, seguimos teniendo dificultad a la hora de dejar el coche.Por las calles caminan los mismos que en invierno. Este a\u00f1o no [&hellip;]<!-- AddThis Advanced Settings generic via filter on get_the_excerpt --><!-- AddThis Share Buttons generic via filter on get_the_excerpt --><\/p>\n","protected":false},"author":10,"featured_media":0,"comment_status":"open","ping_status":"closed","sticky":false,"template":"","format":"standard","meta":[],"categories":[4],"tags":[],"_links":{"self":[{"href":"https:\/\/blogs.hoy.es\/migas-canas\/wp-json\/wp\/v2\/posts\/66"}],"collection":[{"href":"https:\/\/blogs.hoy.es\/migas-canas\/wp-json\/wp\/v2\/posts"}],"about":[{"href":"https:\/\/blogs.hoy.es\/migas-canas\/wp-json\/wp\/v2\/types\/post"}],"author":[{"embeddable":true,"href":"https:\/\/blogs.hoy.es\/migas-canas\/wp-json\/wp\/v2\/users\/10"}],"replies":[{"embeddable":true,"href":"https:\/\/blogs.hoy.es\/migas-canas\/wp-json\/wp\/v2\/comments?post=66"}],"version-history":[{"count":0,"href":"https:\/\/blogs.hoy.es\/migas-canas\/wp-json\/wp\/v2\/posts\/66\/revisions"}],"wp:attachment":[{"href":"https:\/\/blogs.hoy.es\/migas-canas\/wp-json\/wp\/v2\/media?parent=66"}],"wp:term":[{"taxonomy":"category","embeddable":true,"href":"https:\/\/blogs.hoy.es\/migas-canas\/wp-json\/wp\/v2\/categories?post=66"},{"taxonomy":"post_tag","embeddable":true,"href":"https:\/\/blogs.hoy.es\/migas-canas\/wp-json\/wp\/v2\/tags?post=66"}],"curies":[{"name":"wp","href":"https:\/\/api.w.org\/{rel}","templated":true}]}}