{"id":67,"date":"2011-08-21T10:11:04","date_gmt":"2011-08-21T09:11:04","guid":{"rendered":"http:\/\/blogs.hoy.es\/migas-canas\/?p=67"},"modified":"2011-08-21T10:11:04","modified_gmt":"2011-08-21T09:11:04","slug":"el-verano-de-raton","status":"publish","type":"post","link":"https:\/\/blogs.hoy.es\/migas-canas\/2011\/08\/21\/el-verano-de-raton\/","title":{"rendered":"EL VERANO DE RAT\u00d3N"},"content":{"rendered":"<p>&nbsp;<\/p>\n<p>&nbsp;<\/p>\n<p>El verano es as\u00ed.D\u00edas de calor, mosquitos y cucarachas de las rojas, de esas que se mueven por el alcantarillado y el interior de las casas con la misma rapidez que rat\u00f3n por las plazas en busca de mozos con olor a ginebra. Por las calles se ven a vecinos tostados otros quemados, muchos deportistas y alg\u00fan boracho. Hemos cambiado bares por gimnasios, cuidamos el cuerpo y el alma.Miles de personas cantan en Madrid el Padre nuestro. El Km 0 re\u00fane, un d\u00eda, a indignados, otro, a religiosos. La puerta del Sol ha dejado su olor a bocadillos de calamares y loter\u00eda de navidad por el del hach\u00eds reivindicativo y el incieso bendecido. A mitad de agosto vuelven las estrellas tatuadas y guerreras del bal\u00f3n a llenar estadios y telediarios.Lo rosa m\u00e1s vomitivo hace caja con la en\u00e9sima separaci\u00f3n de Belen Esteban. El verano es as\u00ed, como el f\u00fatbol, que cuando no mete goles mete dedos en ojo ajeno.Monago construye gobierno mientras la poblaci\u00f3n espera los resultados prometidos.Algunos, del partido, se resignan \u201csi ya no me ha llamado ya no me llama\u201d.Ni\u00f1os africanos mueren de hambre.Leemos libros.Vemos pel\u00edculas.Pero este a\u00f1o, la estrella del verano ha sido rat\u00f3n,el toro asesino, que sube su sueldo 5.000 euros por muerto.<\/p>\n<!-- AddThis Advanced Settings generic via filter on the_content --><!-- AddThis Share Buttons generic via filter on the_content -->","protected":false},"excerpt":{"rendered":"<p>&nbsp; &nbsp; El verano es as\u00ed.D\u00edas de calor, mosquitos y cucarachas de las rojas, de esas que se mueven por el alcantarillado y el interior de las casas con la misma rapidez que rat\u00f3n por las plazas en busca de mozos con olor a ginebra. Por las calles se ven a vecinos tostados otros quemados, [&hellip;]<!-- AddThis Advanced Settings generic via filter on get_the_excerpt --><!-- AddThis Share Buttons generic via filter on get_the_excerpt --><\/p>\n","protected":false},"author":10,"featured_media":0,"comment_status":"open","ping_status":"closed","sticky":false,"template":"","format":"standard","meta":[],"categories":[4],"tags":[],"_links":{"self":[{"href":"https:\/\/blogs.hoy.es\/migas-canas\/wp-json\/wp\/v2\/posts\/67"}],"collection":[{"href":"https:\/\/blogs.hoy.es\/migas-canas\/wp-json\/wp\/v2\/posts"}],"about":[{"href":"https:\/\/blogs.hoy.es\/migas-canas\/wp-json\/wp\/v2\/types\/post"}],"author":[{"embeddable":true,"href":"https:\/\/blogs.hoy.es\/migas-canas\/wp-json\/wp\/v2\/users\/10"}],"replies":[{"embeddable":true,"href":"https:\/\/blogs.hoy.es\/migas-canas\/wp-json\/wp\/v2\/comments?post=67"}],"version-history":[{"count":0,"href":"https:\/\/blogs.hoy.es\/migas-canas\/wp-json\/wp\/v2\/posts\/67\/revisions"}],"wp:attachment":[{"href":"https:\/\/blogs.hoy.es\/migas-canas\/wp-json\/wp\/v2\/media?parent=67"}],"wp:term":[{"taxonomy":"category","embeddable":true,"href":"https:\/\/blogs.hoy.es\/migas-canas\/wp-json\/wp\/v2\/categories?post=67"},{"taxonomy":"post_tag","embeddable":true,"href":"https:\/\/blogs.hoy.es\/migas-canas\/wp-json\/wp\/v2\/tags?post=67"}],"curies":[{"name":"wp","href":"https:\/\/api.w.org\/{rel}","templated":true}]}}