{"id":676,"date":"2015-07-09T07:39:33","date_gmt":"2015-07-09T06:39:33","guid":{"rendered":"http:\/\/blogs.hoy.es\/migas-canas\/?p=676"},"modified":"2015-07-09T07:39:33","modified_gmt":"2015-07-09T06:39:33","slug":"caer-y-levantarse","status":"publish","type":"post","link":"https:\/\/blogs.hoy.es\/migas-canas\/2015\/07\/09\/caer-y-levantarse\/","title":{"rendered":"CAER Y LEVANTARSE"},"content":{"rendered":"<p>&nbsp;<\/p>\n<p style=\"margin-bottom: 0cm;\"><a href=\"\/migas-canas\/wp-content\/uploads\/sites\/8\/2015\/07\/el-dropofavorito.jpg\"><img loading=\"lazy\" class=\"aligncenter size-medium wp-image-678\" title=\"el-dropofavorito\" src=\"\/migas-canas\/wp-content\/uploads\/sites\/8\/2015\/07\/el-dropofavorito.jpg\" alt=\"\" width=\"300\" height=\"225\" srcset=\"https:\/\/static-blogs.hoy.es\/wp-content\/uploads\/sites\/8\/2015\/07\/el-dropofavorito.jpg 550w, https:\/\/static-blogs.hoy.es\/wp-content\/uploads\/sites\/8\/2015\/07\/el-dropofavorito-300x225.jpg 300w\" sizes=\"(max-width: 300px) 100vw, 300px\" \/><\/a><strong>Crisis, esa maldita palabra que se ha colado en nuestro vocabulario<\/strong> como los nen\u00fafares en el Guadiana dando al trasto con la ilusi\u00f3n de muchos sue\u00f1os,proyectos y apuestas personales. <strong>Surgi\u00f3 el emprendedor de la est\u00e9ril tierra del paro<\/strong>. <strong>Emergi\u00f3 de la nada el que confunde yelmo con bac\u00eda y molinos con gigantes<\/strong> retando a la suerte: una hiedra venenosa que concede sus favores a uno y desprecia a miles. <strong>Detr\u00e1s de cada fracaso hay una ilusi\u00f3n perdida<\/strong>, una persona, una familia, un caerse para volver a levantarse y volver a caer y siempre volver a levantarse. <strong>Es la forma de vivir del creativo, del que tiene una idea y la trabaja hasta la extenuaci\u00f3n dedic\u00e1ndole horas, d\u00edas,meses, como una obsesi\u00f3n<\/strong> para que luego, algunas veces, se derrumbe como un castillo de arena,como miles de fichas de domin\u00f3 que se arrastran unas a otras. \u00c9poca de crisis, de tiendas que abren y cierran, kioscos de prensa que se oxidan, abogados que pasan hambre, aparejadores que venden pollos asados. Un paisaje que parec\u00eda imposible en nuestra <a href=\"\/migas-canas\/wp-content\/uploads\/sites\/8\/2015\/07\/restaurante-el-dropo-restaurantes-de-autor-en-zafra-provincia-de-badajoz_cc951867a6bb8a7fb93bf656e1a43e60_1000_free.jpg\"><img loading=\"lazy\" class=\"alignleft size-medium wp-image-679\" title=\"restaurante-el-dropo-restaurantes-de-autor-en-zafra-provincia-de-badajoz_cc951867a6bb8a7fb93bf656e1a43e60_1000_free\" src=\"\/migas-canas\/wp-content\/uploads\/sites\/8\/2015\/07\/restaurante-el-dropo-restaurantes-de-autor-en-zafra-provincia-de-badajoz_cc951867a6bb8a7fb93bf656e1a43e60_1000_free.jpg\" alt=\"\" width=\"300\" height=\"225\" srcset=\"https:\/\/static-blogs.hoy.es\/wp-content\/uploads\/sites\/8\/2015\/07\/restaurante-el-dropo-restaurantes-de-autor-en-zafra-provincia-de-badajoz_cc951867a6bb8a7fb93bf656e1a43e60_1000_free.jpg 960w, https:\/\/static-blogs.hoy.es\/wp-content\/uploads\/sites\/8\/2015\/07\/restaurante-el-dropo-restaurantes-de-autor-en-zafra-provincia-de-badajoz_cc951867a6bb8a7fb93bf656e1a43e60_1000_free-300x225.jpg 300w, https:\/\/static-blogs.hoy.es\/wp-content\/uploads\/sites\/8\/2015\/07\/restaurante-el-dropo-restaurantes-de-autor-en-zafra-provincia-de-badajoz_cc951867a6bb8a7fb93bf656e1a43e60_1000_free-768x576.jpg 768w\" sizes=\"(max-width: 300px) 100vw, 300px\" \/><\/a>frondosa comodidad hipotecaria de bloques de pisos de hasta nueve plantas.<\/p>\n<p style=\"margin-bottom: 0cm;\">Podr\u00eda ser cualquier otro, pero hoy me he fijado en el <strong>Dropo de Zafra<\/strong> o en Federico L\u00f3pez Pellisa que viene a ser lo mismo. Inventor de ese prodigio gastron\u00f3mico en uno de nuestros pueblos m\u00e1s bonitos. El Dropo situado en pleno casco hist\u00f3rico, un local no solo se valora por lo que vale tambi\u00e9n por lo que le rodea. <strong>Platos nuevos, conciertos, cenas con viol\u00edn, canta-autores, flamenco, exposiciones, cuenta-cuentos; arte en la cocina, en el comedor, en el trato,<\/strong> en su dise\u00f1o; un placer para el paladar, para la belleza,para todos los sentidos; una joya en el coraz\u00f3n de esa otra joya que es Zafra, pero el Dropo tambi\u00e9n desapareci\u00f3.<\/p>\n<p style=\"margin-bottom: 0cm;\"><strong>Locales que siguen cerrando, que siguen golpeando a nuestra juventud hasta dar con ellos en la lona<\/strong>. Ahora que m\u00e1s del 50% de la poblaci\u00f3n tiene m\u00e1s de 50 a\u00f1os y nuestros j\u00f3venes, los m\u00e1s preparados, tienen que marcharse fuera, es el momento de apoyar a aquellos que tengan ideas y ganas y quieran quedarse entre nosotros, con su gente,con su familia,en su entorno,en nuestra Seguridad Social,en nuestra caja de pensiones, entre nuestros impuestos, en nuestras vidas para ayudarnos a <strong>seguir caminando y no quedarnos sentados cada tarde en los bancos de los pueblos con la mirada perdida en el horizonte pregunt\u00e1ndonos \u00bfestar\u00e1n bien?<a href=\"\/migas-canas\/wp-content\/uploads\/sites\/8\/2015\/07\/IMG_20150706_220351.jpg\"><img loading=\"lazy\" class=\"alignright size-medium wp-image-680\" title=\"IMG_20150706_220351\" src=\"\/migas-canas\/wp-content\/uploads\/sites\/8\/2015\/07\/IMG_20150706_220351.jpg\" alt=\"\" width=\"300\" height=\"180\" srcset=\"https:\/\/static-blogs.hoy.es\/wp-content\/uploads\/sites\/8\/2015\/07\/IMG_20150706_220351.jpg 2880w, https:\/\/static-blogs.hoy.es\/wp-content\/uploads\/sites\/8\/2015\/07\/IMG_20150706_220351-300x180.jpg 300w, https:\/\/static-blogs.hoy.es\/wp-content\/uploads\/sites\/8\/2015\/07\/IMG_20150706_220351-768x461.jpg 768w, https:\/\/static-blogs.hoy.es\/wp-content\/uploads\/sites\/8\/2015\/07\/IMG_20150706_220351-1024x614.jpg 1024w\" sizes=\"(max-width: 300px) 100vw, 300px\" \/><\/a><\/strong><\/p>\n<p style=\"margin-bottom: 0cm;\">\n<p>&nbsp;<\/p>\n<!-- AddThis Advanced Settings generic via filter on the_content --><!-- AddThis Share Buttons generic via filter on the_content -->","protected":false},"excerpt":{"rendered":"<p>&nbsp; Crisis, esa maldita palabra que se ha colado en nuestro vocabulario como los nen\u00fafares en el Guadiana dando al trasto con la ilusi\u00f3n de muchos sue\u00f1os,proyectos y apuestas personales. Surgi\u00f3 el emprendedor de la est\u00e9ril tierra del paro. Emergi\u00f3 de la nada el que confunde yelmo con bac\u00eda y molinos con gigantes retando a [&hellip;]<!-- AddThis Advanced Settings generic via filter on get_the_excerpt --><!-- AddThis Share Buttons generic via filter on get_the_excerpt --><\/p>\n","protected":false},"author":11,"featured_media":0,"comment_status":"open","ping_status":"closed","sticky":false,"template":"","format":"standard","meta":[],"categories":[2],"tags":[319,376,439,908,1097],"_links":{"self":[{"href":"https:\/\/blogs.hoy.es\/migas-canas\/wp-json\/wp\/v2\/posts\/676"}],"collection":[{"href":"https:\/\/blogs.hoy.es\/migas-canas\/wp-json\/wp\/v2\/posts"}],"about":[{"href":"https:\/\/blogs.hoy.es\/migas-canas\/wp-json\/wp\/v2\/types\/post"}],"author":[{"embeddable":true,"href":"https:\/\/blogs.hoy.es\/migas-canas\/wp-json\/wp\/v2\/users\/11"}],"replies":[{"embeddable":true,"href":"https:\/\/blogs.hoy.es\/migas-canas\/wp-json\/wp\/v2\/comments?post=676"}],"version-history":[{"count":0,"href":"https:\/\/blogs.hoy.es\/migas-canas\/wp-json\/wp\/v2\/posts\/676\/revisions"}],"wp:attachment":[{"href":"https:\/\/blogs.hoy.es\/migas-canas\/wp-json\/wp\/v2\/media?parent=676"}],"wp:term":[{"taxonomy":"category","embeddable":true,"href":"https:\/\/blogs.hoy.es\/migas-canas\/wp-json\/wp\/v2\/categories?post=676"},{"taxonomy":"post_tag","embeddable":true,"href":"https:\/\/blogs.hoy.es\/migas-canas\/wp-json\/wp\/v2\/tags?post=676"}],"curies":[{"name":"wp","href":"https:\/\/api.w.org\/{rel}","templated":true}]}}