{"id":681,"date":"2015-07-17T07:36:29","date_gmt":"2015-07-17T06:36:29","guid":{"rendered":"http:\/\/blogs.hoy.es\/migas-canas\/?p=681"},"modified":"2015-07-17T07:36:29","modified_gmt":"2015-07-17T06:36:29","slug":"funcionarios-a-la-espera","status":"publish","type":"post","link":"https:\/\/blogs.hoy.es\/migas-canas\/2015\/07\/17\/funcionarios-a-la-espera\/","title":{"rendered":"FUNCIONARIOS A LA ESPERA"},"content":{"rendered":"<p><a href=\"\/migas-canas\/wp-content\/uploads\/sites\/8\/2015\/07\/I1MG_20150715_1325471.jpg\"><img loading=\"lazy\" class=\"aligncenter size-medium wp-image-683\" title=\"I1MG_20150715_132547\" src=\"\/migas-canas\/wp-content\/uploads\/sites\/8\/2015\/07\/I1MG_20150715_1325471.jpg\" alt=\"\" width=\"300\" height=\"180\" srcset=\"https:\/\/static-blogs.hoy.es\/wp-content\/uploads\/sites\/8\/2015\/07\/I1MG_20150715_1325471.jpg 2880w, https:\/\/static-blogs.hoy.es\/wp-content\/uploads\/sites\/8\/2015\/07\/I1MG_20150715_1325471-300x180.jpg 300w, https:\/\/static-blogs.hoy.es\/wp-content\/uploads\/sites\/8\/2015\/07\/I1MG_20150715_1325471-768x461.jpg 768w, https:\/\/static-blogs.hoy.es\/wp-content\/uploads\/sites\/8\/2015\/07\/I1MG_20150715_1325471-1024x614.jpg 1024w\" sizes=\"(max-width: 300px) 100vw, 300px\" \/><\/a><strong>Para mi todav\u00eda es s\u00e1bado aunque sea domingo<\/strong>. Son las dos de la madrugada y el calor no me deja dormir. Abro el procesador de texto y el Facebook donde veo una fotograf\u00eda del reci\u00e9n estrenado Presidente en Olivenza. <strong>Vara tiene aspecto de buena persona,<\/strong> d<strong>e que le importa la gente y no solo los n\u00fameros, aunque va a tener que hacer muchos n\u00fameros para contentar a los que le esperan como una salvaci\u00f3n<\/strong>.<br \/>\nEl buen funcionamiento de la regi\u00f3n tambi\u00e9n depender\u00e1 de qui\u00e9n se rodee. Nosotros, los de Sanidad, seg\u00fan dicen, hemos tenido suerte con<strong> Vergeles<\/strong>. Los que le conocen hablan de su capacidad, sensatez y sentido com\u00fan, adem\u00e1s de estar comprometido con el sistema sanitario, al menos es m\u00e9dico y no maestro. <strong>Aunque la Sanidad la formamos los profesionales el objetivo principal es el usuario.<\/strong><br \/>\n<strong>Ahora llega todo ese rollo de nombramientos y ceses, es madrugada y me atrevo a escribir rollo en lugar de proceso, por la noche las cosas se ven diferentes.<\/strong><br \/>\nLos funcionarios estamos a la espera. Primero cambia el Gobierno,despu\u00e9s el Presidente,Consejero,Directores, Subdirectores, Gerentes. Los nuevos <strong>Jefes de Recursos Humanos, llaman a los suyo, algunos con el \u00fanico m\u00e9rito haber subido a la escalera para pegar carteles<\/strong>. Toda va cambiando hasta que llega a nosotros, los de abajo. <strong>Algunas veces los que tenemos cargos menores sin v\u00ednculos pol\u00edticos somos cesados<\/strong> y cambiados por los que mejor dan palmadas en la espalda. <strong>Cuando llega un nuevo Director de Recursos Humanos lo cambia todo pensando que lo anterior es malo, as\u00ed, lo que antes se resolv\u00eda con un documento,ahora<\/strong><\/p>\n<div id=\"attachment_684\" style=\"width: 269px\" class=\"wp-caption alignright\"><a href=\"\/migas-canas\/wp-content\/uploads\/sites\/8\/2015\/07\/3images.jpeg\"><img aria-describedby=\"caption-attachment-684\" loading=\"lazy\" class=\"size-full wp-image-684\" title=\"3images\" src=\"\/migas-canas\/wp-content\/uploads\/sites\/8\/2015\/07\/3images.jpeg\" alt=\"foto de internet\" width=\"259\" height=\"194\" \/><\/a><p id=\"caption-attachment-684\" class=\"wp-caption-text\">foto de internet<\/p><\/div>\n<p><strong>necesita tre<\/strong>s, hasta que el tiempo devuelve la cordura a las administraciones y se dan cuenta, despu\u00e9s del caos,que quien mejor conoce el trabajo son las trabajadores y se vuelve a hacer como siempre: simplificando la cosas, haci\u00e9ndolas f\u00e1cil para el usuario y el funcionario. <strong>Hay algunos que llegan avasallando, dando golpes en la mesa, no saben que para ser jefe no hace falta exhibir m\u00fasculo delante de los trabajadores,<\/strong> que lo mejor es pasar desapercibido y mandar con el ejemplo, como los \u00e1rbitros de f\u00fatbol, el destacado es el que controla el partido pasando inadvertido.<br \/>\n<strong>Luego, cuando todos los cargos directivos est\u00e1n nombrados, le toca el turno al material, otro pico para una regi\u00f3n pobre. Los sobre que dicen &#8220;Consejer\u00eda tal&#8221; cambian por &#8220;Consejer\u00eda cual&#8221; igual que: carpetas, carteles, folios con membrete&#8230;Un pellizco que se pueden destinar a otras necesidades.<\/strong><\/p>\n<!-- AddThis Advanced Settings generic via filter on the_content --><!-- AddThis Share Buttons generic via filter on the_content -->","protected":false},"excerpt":{"rendered":"<p>Para mi todav\u00eda es s\u00e1bado aunque sea domingo. Son las dos de la madrugada y el calor no me deja dormir. Abro el procesador de texto y el Facebook donde veo una fotograf\u00eda del reci\u00e9n estrenado Presidente en Olivenza. Vara tiene aspecto de buena persona, de que le importa la gente y no solo los [&hellip;]<!-- AddThis Advanced Settings generic via filter on get_the_excerpt --><!-- AddThis Share Buttons generic via filter on get_the_excerpt --><\/p>\n","protected":false},"author":11,"featured_media":0,"comment_status":"open","ping_status":"closed","sticky":false,"template":"","format":"standard","meta":[],"categories":[2],"tags":[345,477,774,964,986,1062,1069],"_links":{"self":[{"href":"https:\/\/blogs.hoy.es\/migas-canas\/wp-json\/wp\/v2\/posts\/681"}],"collection":[{"href":"https:\/\/blogs.hoy.es\/migas-canas\/wp-json\/wp\/v2\/posts"}],"about":[{"href":"https:\/\/blogs.hoy.es\/migas-canas\/wp-json\/wp\/v2\/types\/post"}],"author":[{"embeddable":true,"href":"https:\/\/blogs.hoy.es\/migas-canas\/wp-json\/wp\/v2\/users\/11"}],"replies":[{"embeddable":true,"href":"https:\/\/blogs.hoy.es\/migas-canas\/wp-json\/wp\/v2\/comments?post=681"}],"version-history":[{"count":0,"href":"https:\/\/blogs.hoy.es\/migas-canas\/wp-json\/wp\/v2\/posts\/681\/revisions"}],"wp:attachment":[{"href":"https:\/\/blogs.hoy.es\/migas-canas\/wp-json\/wp\/v2\/media?parent=681"}],"wp:term":[{"taxonomy":"category","embeddable":true,"href":"https:\/\/blogs.hoy.es\/migas-canas\/wp-json\/wp\/v2\/categories?post=681"},{"taxonomy":"post_tag","embeddable":true,"href":"https:\/\/blogs.hoy.es\/migas-canas\/wp-json\/wp\/v2\/tags?post=681"}],"curies":[{"name":"wp","href":"https:\/\/api.w.org\/{rel}","templated":true}]}}