{"id":688,"date":"2015-07-28T15:43:29","date_gmt":"2015-07-28T14:43:29","guid":{"rendered":"http:\/\/blogs.hoy.es\/migas-canas\/?p=688"},"modified":"2015-07-28T15:43:29","modified_gmt":"2015-07-28T14:43:29","slug":"688","status":"publish","type":"post","link":"https:\/\/blogs.hoy.es\/migas-canas\/2015\/07\/28\/688\/","title":{"rendered":"ME GUSTAR\u00cdA SER DE PUEBLO"},"content":{"rendered":"<p><a href=\"\/migas-canas\/wp-content\/uploads\/sites\/8\/2015\/07\/2IMG_20150719_1958451.jpg\"><img loading=\"lazy\" class=\"aligncenter size-medium wp-image-690\" title=\"2IMG_20150719_195845\" src=\"\/migas-canas\/wp-content\/uploads\/sites\/8\/2015\/07\/2IMG_20150719_1958451.jpg\" alt=\"\" width=\"300\" height=\"180\" srcset=\"https:\/\/static-blogs.hoy.es\/wp-content\/uploads\/sites\/8\/2015\/07\/2IMG_20150719_1958451.jpg 2880w, https:\/\/static-blogs.hoy.es\/wp-content\/uploads\/sites\/8\/2015\/07\/2IMG_20150719_1958451-300x180.jpg 300w, https:\/\/static-blogs.hoy.es\/wp-content\/uploads\/sites\/8\/2015\/07\/2IMG_20150719_1958451-768x461.jpg 768w, https:\/\/static-blogs.hoy.es\/wp-content\/uploads\/sites\/8\/2015\/07\/2IMG_20150719_1958451-1024x614.jpg 1024w\" sizes=\"(max-width: 300px) 100vw, 300px\" \/><\/a><strong>Me gustar\u00eda ser de pueblo para poder visitarlo cada 15 de agosto<\/strong>. Me gustar\u00eda ser de pueblo para ir a la casa de los abuelos y ver la habitaci\u00f3n donde dorm\u00ed y el comedor donde compart\u00ed el pan con mis hermanos.<strong> Me gustar\u00eda ser de pueblo para volver a mirar el gato entre las macetas del patio. Me gustar\u00eda ser de pueblo para ver a los amigos con los que me cri\u00e9 y volvamos \u00a0durante unos d\u00edas a ser: el pecas, el rubio y el largo aunque en la ciudad seamos Don Angel, Don Luis y el Diego. Me gustar\u00eda se<\/strong>r de pueblo para patear la plaza y sentarme en un velador o en el suelo de los soportales y abrazar a los amigos que se quedaron a vivir en sus casas de siempre. Me gustar\u00eda ser de pueblo para ir a la era donde di mi primer beso. Me gustar\u00eda ser de pueblo para o\u00edr cantar a las chicharras y el zumbido hipnotizador de las moscas a la hora de la siesta.<strong> Me gustar\u00eda ser de<a href=\"\/migas-canas\/wp-content\/uploads\/sites\/8\/2015\/07\/IMG_20150719_163839-1.jpg\"><img loading=\"lazy\" class=\"alignright size-medium wp-image-691\" title=\"IMG_20150719_163839 (1)\" src=\"\/migas-canas\/wp-content\/uploads\/sites\/8\/2015\/07\/IMG_20150719_163839-1.jpg\" alt=\"\" width=\"180\" height=\"300\" srcset=\"https:\/\/static-blogs.hoy.es\/wp-content\/uploads\/sites\/8\/2015\/07\/IMG_20150719_163839-1.jpg 1728w, https:\/\/static-blogs.hoy.es\/wp-content\/uploads\/sites\/8\/2015\/07\/IMG_20150719_163839-1-180x300.jpg 180w, https:\/\/static-blogs.hoy.es\/wp-content\/uploads\/sites\/8\/2015\/07\/IMG_20150719_163839-1-768x1280.jpg 768w, https:\/\/static-blogs.hoy.es\/wp-content\/uploads\/sites\/8\/2015\/07\/IMG_20150719_163839-1-614x1024.jpg 614w\" sizes=\"(max-width: 180px) 100vw, 180px\" \/><\/a> pueblo para escuchar el sonido del silencio debajo del limonero.<\/strong><\/p>\n<p>Me gustar\u00eda ser de<strong> Olivenza<\/strong> para ir a la Farrapa, al bar de Carrapiso a tomar Jali jai, hablar portugu\u00e9s con los mayores en el paseo, tomar caf\u00e9 en el Liceo y comprar t\u00e9cula m\u00e9cula en casa Fuentes. Me gustar\u00eda ser de <strong>Pallares<\/strong> y ver el chiringuito y la carretera del culebr\u00edn que lleva a<strong> Monesterio<\/strong> y comer jam\u00f3n en el Puerta del Sol. Me gustar\u00eda ser de <strong>Castuera<\/strong> para pedir mollejas de cordero en el bar de la piscina y visitar la Iglesia de la Magdalena. Me gustar\u00eda ser de <strong>Llerena<\/strong> para subir la calle Aurora y encontrarme con la magia de la Plaza y ver la Iglesia de la Granada y entrar en la pe\u00f1a flamenca y comprar dulces a las monjas de Santa Clara. Me gustar\u00eda ser de <strong>Reina<\/strong> para ir al teatro romano y subir al castillo. Me gustar\u00eda ser de <strong>Herrera del Duque<\/strong> para ver la fuente de <a href=\"\/migas-canas\/wp-content\/uploads\/sites\/8\/2015\/07\/IMG_20150726_13030741.jpg\"><img loading=\"lazy\" class=\"alignleft size-medium wp-image-698\" title=\"IMG_20150726_1303074\" src=\"\/migas-canas\/wp-content\/uploads\/sites\/8\/2015\/07\/IMG_20150726_13030741.jpg\" alt=\"\" width=\"300\" height=\"180\" srcset=\"https:\/\/static-blogs.hoy.es\/wp-content\/uploads\/sites\/8\/2015\/07\/IMG_20150726_13030741.jpg 2776w, https:\/\/static-blogs.hoy.es\/wp-content\/uploads\/sites\/8\/2015\/07\/IMG_20150726_13030741-300x180.jpg 300w, https:\/\/static-blogs.hoy.es\/wp-content\/uploads\/sites\/8\/2015\/07\/IMG_20150726_13030741-768x461.jpg 768w, https:\/\/static-blogs.hoy.es\/wp-content\/uploads\/sites\/8\/2015\/07\/IMG_20150726_13030741-1024x615.jpg 1024w\" sizes=\"(max-width: 300px) 100vw, 300px\" \/><\/a>cuatro chorros e ir a Consolaci\u00f3n para ver a la Virgen a la que tanto le rez\u00f3 mi madre. Me gustar\u00eda ser de <strong>Alburquerque<\/strong> y subir al castillo de Luna y comprar dulces en la Plaza y entrar en ese bar que antes era una Iglesia. Me gustar\u00eda ser de pueblo&#8230;<strong> pero aqu\u00ed estoy, otro verano en Badajoz porque no tengo pueblo<\/strong><\/p>\n<p>&nbsp;<\/p>\n<!-- AddThis Advanced Settings generic via filter on the_content --><!-- AddThis Share Buttons generic via filter on the_content -->","protected":false},"excerpt":{"rendered":"<p>Me gustar\u00eda ser de pueblo para poder visitarlo cada 15 de agosto. Me gustar\u00eda ser de pueblo para ir a la casa de los abuelos y ver la habitaci\u00f3n donde dorm\u00ed y el comedor donde compart\u00ed el pan con mis hermanos. Me gustar\u00eda ser de pueblo para volver a mirar el gato entre las macetas [&hellip;]<!-- AddThis Advanced Settings generic via filter on get_the_excerpt --><!-- AddThis Share Buttons generic via filter on get_the_excerpt --><\/p>\n","protected":false},"author":11,"featured_media":0,"comment_status":"open","ping_status":"closed","sticky":false,"template":"","format":"standard","meta":[],"categories":[2],"tags":[227,234,371,373,436,474,516,535,552,646,744,789,829,904,1077],"_links":{"self":[{"href":"https:\/\/blogs.hoy.es\/migas-canas\/wp-json\/wp\/v2\/posts\/688"}],"collection":[{"href":"https:\/\/blogs.hoy.es\/migas-canas\/wp-json\/wp\/v2\/posts"}],"about":[{"href":"https:\/\/blogs.hoy.es\/migas-canas\/wp-json\/wp\/v2\/types\/post"}],"author":[{"embeddable":true,"href":"https:\/\/blogs.hoy.es\/migas-canas\/wp-json\/wp\/v2\/users\/11"}],"replies":[{"embeddable":true,"href":"https:\/\/blogs.hoy.es\/migas-canas\/wp-json\/wp\/v2\/comments?post=688"}],"version-history":[{"count":0,"href":"https:\/\/blogs.hoy.es\/migas-canas\/wp-json\/wp\/v2\/posts\/688\/revisions"}],"wp:attachment":[{"href":"https:\/\/blogs.hoy.es\/migas-canas\/wp-json\/wp\/v2\/media?parent=688"}],"wp:term":[{"taxonomy":"category","embeddable":true,"href":"https:\/\/blogs.hoy.es\/migas-canas\/wp-json\/wp\/v2\/categories?post=688"},{"taxonomy":"post_tag","embeddable":true,"href":"https:\/\/blogs.hoy.es\/migas-canas\/wp-json\/wp\/v2\/tags?post=688"}],"curies":[{"name":"wp","href":"https:\/\/api.w.org\/{rel}","templated":true}]}}