{"id":699,"date":"2015-08-08T07:05:15","date_gmt":"2015-08-08T06:05:15","guid":{"rendered":"http:\/\/blogs.hoy.es\/migas-canas\/?p=699"},"modified":"2015-08-08T07:05:15","modified_gmt":"2015-08-08T06:05:15","slug":"la-marina","status":"publish","type":"post","link":"https:\/\/blogs.hoy.es\/migas-canas\/2015\/08\/08\/la-marina\/","title":{"rendered":"LA MARINA"},"content":{"rendered":"<p><strong><a href=\"\/migas-canas\/wp-content\/uploads\/sites\/8\/2015\/08\/IMG_20150806_203754.jpg\"><img loading=\"lazy\" class=\"aligncenter size-medium wp-image-700\" title=\"IMG_20150806_203754\" src=\"\/migas-canas\/wp-content\/uploads\/sites\/8\/2015\/08\/IMG_20150806_203754.jpg\" alt=\"\" width=\"180\" height=\"300\" srcset=\"https:\/\/static-blogs.hoy.es\/wp-content\/uploads\/sites\/8\/2015\/08\/IMG_20150806_203754.jpg 1728w, https:\/\/static-blogs.hoy.es\/wp-content\/uploads\/sites\/8\/2015\/08\/IMG_20150806_203754-180x300.jpg 180w, https:\/\/static-blogs.hoy.es\/wp-content\/uploads\/sites\/8\/2015\/08\/IMG_20150806_203754-768x1280.jpg 768w, https:\/\/static-blogs.hoy.es\/wp-content\/uploads\/sites\/8\/2015\/08\/IMG_20150806_203754-614x1024.jpg 614w\" sizes=\"(max-width: 180px) 100vw, 180px\" \/><\/a>Ten\u00eda ganas de escribir sobre la Marina ya que ha sido uno de los lugares m\u00e1s emblem\u00e1ticos de Badajoz<\/strong>, aunque su apogeo me cogi\u00f3 en plena adolescencia y para mi era un templo prohibido donde iban personas importante a las que no ten\u00eda acceso. Un d\u00eda entr\u00e9 con otros de mi edad, se nos qued\u00f3 grabada la imagen del camarero uniformado sirviendo con gestos elegantes que provoc\u00f3 en nosotros el silencio. Est\u00e1bamos asistiendo, sin ser consciente de ello, a un momento inici\u00e1tico de nuestras futura vida social.<strong> La Marina era una escuela de camareros donde estaban los mejores dirigidos por Francisco Hinchado. Aquello era como una gran familia: Sebas,Reyes, Andr\u00e9s, Manolo, Ani la cocinera, Canini el limpiabotas y muchos m\u00e1s que pasaron por el magisterio de Don Francisco.<\/strong><\/p>\n<p>Yo pasaba a diario por la cafeter\u00eda. Ve\u00eda sentado a mi profesor de literatura, <strong>Enrique Segura con Ricardo Puente,<\/strong>minutos despu\u00e9s de que el<\/p>\n<div id=\"attachment_701\" style=\"width: 282px\" class=\"wp-caption alignleft\"><a href=\"\/migas-canas\/wp-content\/uploads\/sites\/8\/2015\/08\/IMG-20150807-WA0000.jpg\"><img aria-describedby=\"caption-attachment-701\" loading=\"lazy\" class=\"size-medium wp-image-701\" title=\"IMG-20150807-WA0000\" src=\"\/migas-canas\/wp-content\/uploads\/sites\/8\/2015\/08\/IMG-20150807-WA0000.jpg\" alt=\"foto de internet\" width=\"272\" height=\"300\" srcset=\"https:\/\/static-blogs.hoy.es\/wp-content\/uploads\/sites\/8\/2015\/08\/IMG-20150807-WA0000.jpg 480w, https:\/\/static-blogs.hoy.es\/wp-content\/uploads\/sites\/8\/2015\/08\/IMG-20150807-WA0000-272x300.jpg 272w\" sizes=\"(max-width: 272px) 100vw, 272px\" \/><\/a><p id=\"caption-attachment-701\" class=\"wp-caption-text\">foto de internet<\/p><\/div>\n<p>anfiteatro del Instituto Zurbar\u00e1n fuese invadido por la magia con la lectura y escenificaci\u00f3n, por parte del profesor, con cap\u00edtulos del <strong>Lazarillo o la Celestina.<\/strong> Ya por aquellos entonces, donde yo era futbolista del Flecha Negra, me atra\u00eda m\u00e1s ese otro mundo complejo y m\u00e1gico de las letras que el de los Ronaldo y Mesi de la \u00e9poca.<\/p>\n<p><strong>En la Marina tambi\u00e9n se pod\u00eda ver a un joven con aires bohemio que escrib\u00eda en cuadernos de hojas blancas<\/strong>,vest\u00eda pantalones bombachos y fumaba en pipa, una imagen que llamaba mi atenci\u00f3n y que era solo fachada como comprob\u00e9 cuando cay\u00f3 en mis manos una antolog\u00eda de j\u00f3venes escritores pacenses en la que firmaba dos poemas ininteligibles.<\/p>\n<p><strong>No s\u00e9 a quien escuche que Don Hipolito, director del psiqui\u00e1trico de M\u00e9rida<\/strong>, una noche de agosto en la que estaba sentado en los veladores de la Marina con todas las mesas llenas, ya que Badajoz veraneaba en el rio Guadiana y todav\u00eda no hab\u00eda descubierto la Antilla, vio como un paciente escal\u00f3 hasta lo m\u00e1s alto de la estatua de Moreno Nieto, la que esta frente al L\u00f3pez de Ayala, y con grandes voces y desproporcionados gestos agradec\u00eda, al prestigioso psiquiatra, su curaci\u00f3n.<\/p>\n<p>As\u00ed transcurr\u00eda la vida de aquella cafeter\u00eda pacense entre an\u00e9cdotas y cotidianidades dirigida por Francisco Hinchado uno de los mejores profesionales que ha dado la hosteler\u00eda badajocense y donde se hac\u00edan tratos de ganado, reuniones pol\u00edticas y se escrib\u00edan los p\u00e1ginas<\/p>\n<div id=\"attachment_702\" style=\"width: 190px\" class=\"wp-caption alignright\"><a href=\"\/migas-canas\/wp-content\/uploads\/sites\/8\/2015\/08\/IMG_20150806_203854marina.jpg\"><img aria-describedby=\"caption-attachment-702\" loading=\"lazy\" class=\"size-medium wp-image-702\" title=\"IMG_20150806_203854marina\" src=\"\/migas-canas\/wp-content\/uploads\/sites\/8\/2015\/08\/IMG_20150806_203854marina.jpg\" alt=\"Marina Actual\" width=\"180\" height=\"300\" srcset=\"https:\/\/static-blogs.hoy.es\/wp-content\/uploads\/sites\/8\/2015\/08\/IMG_20150806_203854marina.jpg 1728w, https:\/\/static-blogs.hoy.es\/wp-content\/uploads\/sites\/8\/2015\/08\/IMG_20150806_203854marina-180x300.jpg 180w, https:\/\/static-blogs.hoy.es\/wp-content\/uploads\/sites\/8\/2015\/08\/IMG_20150806_203854marina-768x1280.jpg 768w, https:\/\/static-blogs.hoy.es\/wp-content\/uploads\/sites\/8\/2015\/08\/IMG_20150806_203854marina-614x1024.jpg 614w\" sizes=\"(max-width: 180px) 100vw, 180px\" \/><\/a><p id=\"caption-attachment-702\" class=\"wp-caption-text\">Marina Actual<\/p><\/div>\n<p>m\u00e1s importantes de la historia de la ciudad.<\/p>\n<!-- AddThis Advanced Settings generic via filter on the_content --><!-- AddThis Share Buttons generic via filter on the_content -->","protected":false},"excerpt":{"rendered":"<p>Ten\u00eda ganas de escribir sobre la Marina ya que ha sido uno de los lugares m\u00e1s emblem\u00e1ticos de Badajoz, aunque su apogeo me cogi\u00f3 en plena adolescencia y para mi era un templo prohibido donde iban personas importante a las que no ten\u00eda acceso. Un d\u00eda entr\u00e9 con otros de mi edad, se nos qued\u00f3 [&hellip;]<!-- AddThis Advanced Settings generic via filter on get_the_excerpt --><!-- AddThis Share Buttons generic via filter on get_the_excerpt --><\/p>\n","protected":false},"author":11,"featured_media":0,"comment_status":"open","ping_status":"closed","sticky":false,"template":"","format":"standard","meta":[],"categories":[2],"tags":[356,406,457,466,505,596,603,605,649,879,911],"_links":{"self":[{"href":"https:\/\/blogs.hoy.es\/migas-canas\/wp-json\/wp\/v2\/posts\/699"}],"collection":[{"href":"https:\/\/blogs.hoy.es\/migas-canas\/wp-json\/wp\/v2\/posts"}],"about":[{"href":"https:\/\/blogs.hoy.es\/migas-canas\/wp-json\/wp\/v2\/types\/post"}],"author":[{"embeddable":true,"href":"https:\/\/blogs.hoy.es\/migas-canas\/wp-json\/wp\/v2\/users\/11"}],"replies":[{"embeddable":true,"href":"https:\/\/blogs.hoy.es\/migas-canas\/wp-json\/wp\/v2\/comments?post=699"}],"version-history":[{"count":0,"href":"https:\/\/blogs.hoy.es\/migas-canas\/wp-json\/wp\/v2\/posts\/699\/revisions"}],"wp:attachment":[{"href":"https:\/\/blogs.hoy.es\/migas-canas\/wp-json\/wp\/v2\/media?parent=699"}],"wp:term":[{"taxonomy":"category","embeddable":true,"href":"https:\/\/blogs.hoy.es\/migas-canas\/wp-json\/wp\/v2\/categories?post=699"},{"taxonomy":"post_tag","embeddable":true,"href":"https:\/\/blogs.hoy.es\/migas-canas\/wp-json\/wp\/v2\/tags?post=699"}],"curies":[{"name":"wp","href":"https:\/\/api.w.org\/{rel}","templated":true}]}}