{"id":704,"date":"2015-08-18T16:07:02","date_gmt":"2015-08-18T15:07:02","guid":{"rendered":"http:\/\/blogs.hoy.es\/migas-canas\/?p=704"},"modified":"2015-08-18T16:07:02","modified_gmt":"2015-08-18T15:07:02","slug":"septiembre-cuanto-de-echo-de-menos","status":"publish","type":"post","link":"https:\/\/blogs.hoy.es\/migas-canas\/2015\/08\/18\/septiembre-cuanto-de-echo-de-menos\/","title":{"rendered":"SEPTIEMBRE CUANTO TE ECHO TE MENOS"},"content":{"rendered":"<p><strong><a href=\"\/migas-canas\/wp-content\/uploads\/sites\/8\/2015\/08\/4IMG_20150801_195443.jpg\"><img loading=\"lazy\" class=\"alignnone size-medium wp-image-715\" title=\"4IMG_20150801_195443\" src=\"\/migas-canas\/wp-content\/uploads\/sites\/8\/2015\/08\/4IMG_20150801_195443.jpg\" alt=\"\" width=\"300\" height=\"180\" srcset=\"https:\/\/static-blogs.hoy.es\/wp-content\/uploads\/sites\/8\/2015\/08\/4IMG_20150801_195443.jpg 2880w, https:\/\/static-blogs.hoy.es\/wp-content\/uploads\/sites\/8\/2015\/08\/4IMG_20150801_195443-300x180.jpg 300w, https:\/\/static-blogs.hoy.es\/wp-content\/uploads\/sites\/8\/2015\/08\/4IMG_20150801_195443-768x461.jpg 768w, https:\/\/static-blogs.hoy.es\/wp-content\/uploads\/sites\/8\/2015\/08\/4IMG_20150801_195443-1024x614.jpg 1024w\" sizes=\"(max-width: 300px) 100vw, 300px\" \/><\/a><\/strong><\/p>\n<p><strong>Otra vez estamos en agosto. Esto avanza a paso de gigantes. y este sol que me derrite los sesos y las ideas no se va<\/strong>. Un d\u00eda tras otro golpea mi voluntad hasta hacer que me abandone a lo m\u00e1s profundo de la pereza intelectual,<strong> ya solo leo el As, ni eso, me limito a mirar a la chica de la \u00faltima p\u00e1gina.<\/strong> En estos d\u00edas uno no sabe de que escribir, no soy capaz de ligar dos o tres reglones con sentido.<\/p>\n<p><strong>Oigo por todas partes: \u201ctengo necesidad de desconectar\u201d<\/strong> lo escucho en el trabajo, en Carrefur, en el bar. Y cuando llego a casa y enciendo el facebook veo las fotograf\u00edas de<strong> los que est\u00e1n desconectando con una silla plegable en una mano, una sombrilla con publicidad en la otra y una mochila de colorines en la espalda de donde sobresale una toalla con grandes soles amarillos mientras intentan guardar el equilibrio andando por la arena caliente de una orilla que parece un concurso de imitadores de Chiquito de la Calzada<\/strong>. Se les ve con ba\u00f1adores de colores del que sobresalen unas lorzas de un intenso invierno de sill\u00f3n. Luego, por fin, se tumban en la silla y embadurnados con pringosas cremas se achicharran al sol rodeados de cuerpos tan lustrosos como los suyos y se hacen un<a href=\"\/migas-canas\/wp-content\/uploads\/sites\/8\/2015\/08\/2IMG_20150802_141402.jpg\"><img loading=\"lazy\" class=\"alignright size-medium wp-image-712\" title=\"2IMG_20150802_141402\" src=\"\/migas-canas\/wp-content\/uploads\/sites\/8\/2015\/08\/2IMG_20150802_141402.jpg\" alt=\"\" width=\"300\" height=\"180\" srcset=\"https:\/\/static-blogs.hoy.es\/wp-content\/uploads\/sites\/8\/2015\/08\/2IMG_20150802_141402.jpg 2880w, https:\/\/static-blogs.hoy.es\/wp-content\/uploads\/sites\/8\/2015\/08\/2IMG_20150802_141402-300x180.jpg 300w, https:\/\/static-blogs.hoy.es\/wp-content\/uploads\/sites\/8\/2015\/08\/2IMG_20150802_141402-768x461.jpg 768w, https:\/\/static-blogs.hoy.es\/wp-content\/uploads\/sites\/8\/2015\/08\/2IMG_20150802_141402-1024x614.jpg 1024w\" sizes=\"(max-width: 300px) 100vw, 300px\" \/><\/a> <strong>selfie donde escriben en may\u00fasculas\u201cESTO ES VIDA\u201d<\/strong><\/p>\n<p><strong>Desconectan los trabajadores de Badajoz en Punta Umbria, Matalasca\u00f1as, Costa Ballena<\/strong>&#8230; en esos para\u00edsos que se pueden ver anunciados en los escaparates de las tiendas donde salen autobuses a las 6 de la ma\u00f1ana para volver de madrugada, despu\u00e9s de que los viajeros hayan desconectado en un tostadero de arena.<strong> Las playas de Huelva son lugares donde puedes encontrar a un paisano al que solo conoces de hola y adios. -Co\u00f1o fulanito \u00bfque haces por aqu\u00ed?<\/strong> -vamos al chiringuito, y de repente te encuentras frente a un desconocido con la barriga al aire igual que la tuya tomando cervezas mientras hablas de las bondades de tu hotel y de los d\u00edas que vas a estar mientras te ajustas las chanclas a un pie dolorosos acostumbrado a llevar c\u00f3modos zapatos y <strong>abres las piernas disimuladamente para aliviar el escozor de <a href=\"\/migas-canas\/wp-content\/uploads\/sites\/8\/2015\/08\/1IMG_20150801_195545.jpg\"><img loading=\"lazy\" class=\"alignleft size-thumbnail wp-image-713\" title=\"1IMG_20150801_195545\" src=\"\/migas-canas\/wp-content\/uploads\/sites\/8\/2015\/08\/1IMG_20150801_195545.jpg\" alt=\"\" width=\"150\" height=\"150\" \/><\/a>la entrepierna en carne viva por culpa de la sal marina.<\/strong><\/p>\n<p>Una vez en Badajoz sales a la calle con un traje blanco para resaltar el moreno y dar envidia a los que se quedaron diciendo \u201cque maravilla de playa,He desconectado.<\/p>\n<p><strong>Septiembre cuanto te echo de menos.<\/strong><\/p>\n<!-- AddThis Advanced Settings generic via filter on the_content --><!-- AddThis Share Buttons generic via filter on the_content -->","protected":false},"excerpt":{"rendered":"<p>Otra vez estamos en agosto. Esto avanza a paso de gigantes. y este sol que me derrite los sesos y las ideas no se va. Un d\u00eda tras otro golpea mi voluntad hasta hacer que me abandone a lo m\u00e1s profundo de la pereza intelectual, ya solo leo el As, ni eso, me limito a [&hellip;]<!-- AddThis Advanced Settings generic via filter on get_the_excerpt --><!-- AddThis Share Buttons generic via filter on get_the_excerpt --><\/p>\n","protected":false},"author":11,"featured_media":0,"comment_status":"open","ping_status":"closed","sticky":false,"template":"","format":"standard","meta":[],"categories":[2],"tags":[70,265,266,317,337,550,596,705,893,971,978,983],"_links":{"self":[{"href":"https:\/\/blogs.hoy.es\/migas-canas\/wp-json\/wp\/v2\/posts\/704"}],"collection":[{"href":"https:\/\/blogs.hoy.es\/migas-canas\/wp-json\/wp\/v2\/posts"}],"about":[{"href":"https:\/\/blogs.hoy.es\/migas-canas\/wp-json\/wp\/v2\/types\/post"}],"author":[{"embeddable":true,"href":"https:\/\/blogs.hoy.es\/migas-canas\/wp-json\/wp\/v2\/users\/11"}],"replies":[{"embeddable":true,"href":"https:\/\/blogs.hoy.es\/migas-canas\/wp-json\/wp\/v2\/comments?post=704"}],"version-history":[{"count":0,"href":"https:\/\/blogs.hoy.es\/migas-canas\/wp-json\/wp\/v2\/posts\/704\/revisions"}],"wp:attachment":[{"href":"https:\/\/blogs.hoy.es\/migas-canas\/wp-json\/wp\/v2\/media?parent=704"}],"wp:term":[{"taxonomy":"category","embeddable":true,"href":"https:\/\/blogs.hoy.es\/migas-canas\/wp-json\/wp\/v2\/categories?post=704"},{"taxonomy":"post_tag","embeddable":true,"href":"https:\/\/blogs.hoy.es\/migas-canas\/wp-json\/wp\/v2\/tags?post=704"}],"curies":[{"name":"wp","href":"https:\/\/api.w.org\/{rel}","templated":true}]}}