{"id":740,"date":"2015-09-30T23:06:20","date_gmt":"2015-09-30T22:06:20","guid":{"rendered":"http:\/\/blogs.hoy.es\/migas-canas\/?p=740"},"modified":"2015-09-30T23:06:20","modified_gmt":"2015-09-30T22:06:20","slug":"media-maraton-elvas-badajoz","status":"publish","type":"post","link":"https:\/\/blogs.hoy.es\/migas-canas\/2015\/09\/30\/media-maraton-elvas-badajoz\/","title":{"rendered":"MEDIA MARAT\u00d3N ELVAS  BADAJOZ"},"content":{"rendered":"<p>&nbsp;<\/p>\n<div id=\"attachment_746\" style=\"width: 160px\" class=\"wp-caption aligncenter\"><a href=\"\/migas-canas\/wp-content\/uploads\/sites\/8\/2015\/09\/received_988991837790490-diego-lena1.jpeg\"><img aria-describedby=\"caption-attachment-746\" loading=\"lazy\" class=\"size-thumbnail wp-image-746\" title=\"received_988991837790490 diego lena\" src=\"\/migas-canas\/wp-content\/uploads\/sites\/8\/2015\/09\/received_988991837790490-diego-lena1.jpg\" alt=\"fotografia de Javier Lena\" width=\"150\" height=\"150\" \/><\/a><p id=\"caption-attachment-746\" class=\"wp-caption-text\">Fotograf\u00eda de Javier Lena<\/p><\/div>\n<p><span style=\"color: #666666;\"><span style=\"font-family: Arial, Helvetica, sans-serif;\"><span><strong>Este a\u00f1o hab\u00eda decidido volver a correr la Elvas Badajoz<\/strong> despu\u00e9s de cuatro a\u00f1os sin participar pero me parece que tampoco va a poder ser, he llegado tarde.<strong> La carrera se celebrar\u00e1 en Noviembre <\/strong><\/span><\/span><\/span><strong><span style=\"color: #666666;\"><span style=\"font-family: Arial, Helvetica, sans-serif;\">aunque ya,<\/span><\/span><\/strong><span><span><strong><span style=\"color: #666666; font-family: Arial, Helvetica, sans-serif;\"> en Septiembre, no hay dorsales. Ya est\u00e1n\u00a0inscritos\u00a0los 1.800 atletas que\u00a0ha puesto como tope la organizaci\u00f3n.<\/span><\/strong><span style=\"color: #666666; font-family: Arial, Helvetica, sans-serif;\">\u00a0L<\/span><\/span><\/span><span style=\"color: #666666;\"><span style=\"font-family: Arial, Helvetica, sans-serif;\"><span>os participantes, que en sus inicios no llegaba a 200, este a\u00f1o han superado los 1.800 convirtiendo <strong>la Elvas- Badajoz en la carrera m\u00e1s popular de Extremadura. Un cl\u00e1sico entre todos los pacenses aficionados al running<\/strong>. La Elvas-Badajoz es La carrera que todos queremos hacer, la que tenemos apuntada en el calendario en un lugar preferente. Cada vez son m\u00e1s los pacenses aficionados a correr, As\u00ed, que muchos de los confiados veteranos que hemos estado preparando la prueba participando en otras, incluso fuera de Badajoz, no podremos <\/span><\/span><\/span><span style=\"color: #666666;\"><span style=\"font-family: Arial, Helvetica, sans-serif;\"><span>hacer<\/span><\/span><\/span><span style=\"color: #666666;\"><span style=\"font-family: Arial, Helvetica, sans-serif;\"><span> la de nuestra ciudad. Tendremos que conformarnos con ser espectadores, que es lo peor que le puede pasar a un corredor cuando esta en forma.<strong>La Elvas\u00a0<\/strong><\/span><\/span><\/span><span style=\"color: #666666;\"><span style=\"font-family: Arial, Helvetica, sans-serif;\"><strong>Badajoz de este a\u00f1o ser\u00e1 un \u00e9xito para la organizaci\u00f3n por el n\u00famero de participantes y una decepci\u00f3n para los que no podemos <\/strong><\/span><\/span><strong><span style=\"color: #666666;\"><span style=\"font-family: Arial, Helvetica, sans-serif;\">participar<\/span><\/span><\/strong><span style=\"color: #666666;\"><span style=\"font-family: Arial, Helvetica, sans-serif;\"><strong> despu\u00e9s de prepararla<\/strong>. La filosof\u00eda del corredor popular es: <strong>\u00ablo importante es llegar da igual <\/strong><\/span><\/span><strong><span style=\"color: #666666;\"><span style=\"font-family: Arial, Helvetica, sans-serif;\">la posici\u00f3n<\/span><\/span><\/strong><span style=\"color: #666666;\"><span style=\"font-family: Arial, Helvetica, sans-serif;\"><strong>\u00bb,est\u00e1 <a href=\"\/migas-canas\/wp-content\/uploads\/sites\/8\/2015\/09\/DSCN04912.jpg\"><img loading=\"lazy\" class=\"alignright size-thumbnail wp-image-747\" title=\"DSCN0491\" src=\"\/migas-canas\/wp-content\/uploads\/sites\/8\/2015\/09\/DSCN04912.jpg\" alt=\"\" width=\"150\" height=\"150\" \/><\/a>m\u00e1xima no es v\u00e1lido a la hora de coger dorsal<\/strong>. En \u00a0pr\u00f3ximos a\u00f1os habr\u00e1 que estar atentos y hacer cola en la puerta de la Granadilla el d\u00eda que habr\u00e1n las oficinas para apuntarse. Algunos de los 1.800 corredores inscritos no participaran porque no se puede prever una carrera con tanta antelaci\u00f3n, nunca se sabe como vas a estar cuatro meses despu\u00e9s, no solamente es por \u00a0lesiones y molestias. para correr los 21 km. Que separan el Cristo de la Avenida de Huelva es necesario haber preparado antes \u00a0piernas y mente. As\u00ed. que muchos de los inscritos en julio no correr\u00e1n, como tampoco lo haremos los que hemos llegado tarde.<strong> La ma<\/strong><\/span><\/span><strong><span style=\"color: #666666;\"><span style=\"font-family: Arial, Helvetica, sans-serif;\">xima dificultad de la Elvas Badajoz no va a estar en <\/span><\/span><span style=\"color: #666666;\"><span style=\"font-family: Arial, Helvetica, sans-serif;\">ese \u00faltimo <\/span><\/span><span style=\"color: #666666;\"><span style=\"font-family: Arial, Helvetica, sans-serif;\"> repecho \u00a0<\/span><\/span><span style=\"color: #666666;\"><span style=\"font-family: Arial, Helvetica, sans-serif;\">de la Avenida del Per\u00fa, L<\/span><\/span><span><span><span style=\"color: #666666; font-family: Arial, Helvetica, sans-serif;\">o m\u00e1s\u00a0dif\u00edcil va a ser<\/span><\/span><\/span><span style=\"color: #666666;\"><span style=\"font-family: Arial, Helvetica, sans-serif;\">\u00a0pillar dorsal.<\/span><\/span><\/strong><\/p>\n<p>&nbsp;<\/p>\n<p>&nbsp;<\/p>\n<p>&nbsp;<\/p>\n<!-- AddThis Advanced Settings generic via filter on the_content --><!-- AddThis Share Buttons generic via filter on the_content -->","protected":false},"excerpt":{"rendered":"<p>&nbsp; Este a\u00f1o hab\u00eda decidido volver a correr la Elvas Badajoz despu\u00e9s de cuatro a\u00f1os sin participar pero me parece que tampoco va a poder ser, he llegado tarde. La carrera se celebrar\u00e1 en Noviembre aunque ya, en Septiembre, no hay dorsales. Ya est\u00e1n\u00a0inscritos\u00a0los 1.800 atletas que\u00a0ha puesto como tope la organizaci\u00f3n.\u00a0Los participantes, que en [&hellip;]<!-- AddThis Advanced Settings generic via filter on get_the_excerpt --><!-- AddThis Share Buttons generic via filter on get_the_excerpt --><\/p>\n","protected":false},"author":11,"featured_media":0,"comment_status":"open","ping_status":"closed","sticky":false,"template":"","format":"standard","meta":[],"categories":[3],"tags":[395,433,710],"_links":{"self":[{"href":"https:\/\/blogs.hoy.es\/migas-canas\/wp-json\/wp\/v2\/posts\/740"}],"collection":[{"href":"https:\/\/blogs.hoy.es\/migas-canas\/wp-json\/wp\/v2\/posts"}],"about":[{"href":"https:\/\/blogs.hoy.es\/migas-canas\/wp-json\/wp\/v2\/types\/post"}],"author":[{"embeddable":true,"href":"https:\/\/blogs.hoy.es\/migas-canas\/wp-json\/wp\/v2\/users\/11"}],"replies":[{"embeddable":true,"href":"https:\/\/blogs.hoy.es\/migas-canas\/wp-json\/wp\/v2\/comments?post=740"}],"version-history":[{"count":0,"href":"https:\/\/blogs.hoy.es\/migas-canas\/wp-json\/wp\/v2\/posts\/740\/revisions"}],"wp:attachment":[{"href":"https:\/\/blogs.hoy.es\/migas-canas\/wp-json\/wp\/v2\/media?parent=740"}],"wp:term":[{"taxonomy":"category","embeddable":true,"href":"https:\/\/blogs.hoy.es\/migas-canas\/wp-json\/wp\/v2\/categories?post=740"},{"taxonomy":"post_tag","embeddable":true,"href":"https:\/\/blogs.hoy.es\/migas-canas\/wp-json\/wp\/v2\/tags?post=740"}],"curies":[{"name":"wp","href":"https:\/\/api.w.org\/{rel}","templated":true}]}}