{"id":749,"date":"2015-10-01T22:45:43","date_gmt":"2015-10-01T21:45:43","guid":{"rendered":"http:\/\/blogs.hoy.es\/migas-canas\/?p=749"},"modified":"2015-10-01T22:45:43","modified_gmt":"2015-10-01T21:45:43","slug":"paseo-por-el-centro-de-badajoz","status":"publish","type":"post","link":"https:\/\/blogs.hoy.es\/migas-canas\/2015\/10\/01\/paseo-por-el-centro-de-badajoz\/","title":{"rendered":"PASEO POR EL CENTRO DE BADAJOZ"},"content":{"rendered":"<p><a href=\"\/migas-canas\/wp-content\/uploads\/sites\/8\/2015\/10\/DSCN0407-2.jpg\"><img loading=\"lazy\" class=\"aligncenter size-thumbnail wp-image-750\" title=\"DSCN0407 (2)\" src=\"\/migas-canas\/wp-content\/uploads\/sites\/8\/2015\/10\/DSCN0407-2.jpg\" alt=\"\" width=\"150\" height=\"150\" \/><\/a><strong>Para curarme de tanto deporte, de tanta Granadilla, de horas de lecturas, de vacaciones en septiembre, de Artur Mas, del Facebook. Para curarme de mi mismo, o con el pretexto de escribir esta Plaza Alta voy al centro de Badajoz, al meollo del bollo, donde se cuecen las cosas, donde va la gente guapa. Voy sin prisa, a mirar, a recrearme para luego escribir.<\/strong><\/p>\n<p><strong><\/strong>En San Francisco hay poca gente. Un kiosco esta vac\u00edo,el otro tambi\u00e9n<strong>. Voy a la calle Menacho.<\/strong> Tiendas, mucha tiendas: ropa, zapatos,muebles, perfumes,agencias de viajes,telefon\u00eda, hasta una cafeter\u00eda y la farmacia de Ramirez del Molino. <strong>Muchas chicas monas, todas van solas y en zapatillas para no quedarse atrapadas con los tacones en los huecos de las baldosas.<\/strong> Zara ya no hace esquina pero sigue haciendo caja donde estaba el cine Menacho. En la puerta, un joven de poco m\u00e1s de 20 a\u00f1os, toca la guitarra con la funda en el suelo: vac\u00eda, sin euros, malos tiempo para el ronck and roll. <strong>La calle Menacho huele a perfume de hombre a la caza de una ganga, a colonia de ba\u00f1o femenino, a la ropa de Intimissimi;<\/strong> sabe a dulces con caf\u00e9,a m\u00fasicos callejeros, a gente pidiendo tabaco. Las cajas de <a href=\"\/migas-canas\/wp-content\/uploads\/sites\/8\/2015\/10\/DSCN0429-2.jpg\"><img loading=\"lazy\" class=\"alignright size-thumbnail wp-image-751\" title=\"DSCN0429 (2)\" src=\"\/migas-canas\/wp-content\/uploads\/sites\/8\/2015\/10\/DSCN0429-2.jpg\" alt=\"\" width=\"150\" height=\"150\" \/><\/a>muchas tiendas las oscurece la alargada sombra del Faro. Frente a las descalza hay un bar donde la ca\u00f1a vale a 0,40.<strong> En la calle del Obispo veo a gente que sube la cuesta vestida para una boda, pasan de largo por la Catedral donde entran turistas en pantal\u00f3n corto y c\u00e1mara de fotos. Las bodas se celebran en el Ayuntamiento.\u00a0<\/strong><\/p>\n<p><a href=\"\/migas-canas\/wp-content\/uploads\/sites\/8\/2015\/10\/DSCN0395.jpg\"><img loading=\"lazy\" class=\"aligncenter size-full wp-image-919\" title=\"DSCN0395\" src=\"\/migas-canas\/wp-content\/uploads\/sites\/8\/2015\/10\/DSCN0395.jpg\" alt=\"\" width=\"576\" height=\"432\" srcset=\"https:\/\/static-blogs.hoy.es\/wp-content\/uploads\/sites\/8\/2015\/10\/DSCN0395.jpg 576w, https:\/\/static-blogs.hoy.es\/wp-content\/uploads\/sites\/8\/2015\/10\/DSCN0395-300x225.jpg 300w\" sizes=\"(max-width: 576px) 100vw, 576px\" \/><\/a>Quiz\u00e1s, as\u00ed sea luego m\u00e1s f\u00e1cil pedir la vez en las concurridas colas de los martes en el juzgado, ese mercadillo del desamor del que viven muchos abogados. Encontr\u00e9, cuando estaba viendo los libros que venden a un euro en la churrer\u00eda de la calle Moreno Zancudo, a Carlos Rivero que hace fotos para colgarlas en facebook. Vi a Germ\u00e1n L\u00f3pez Iglesias y a Paloma Morcillo, concejala de cultura. Los dos muy trajeados<strong>. Todas las cosas importantes de la ciudad se cuecen en el centro con porte elegante, aunque para ello tengan que pedir autorizaci\u00f3n cada cuatro a\u00f1os a trav\u00e9s del voto manchado de barro en el Cerro de Reyes, San Fernando, el Gurugu..<\/strong><\/p>\n<!-- AddThis Advanced Settings generic via filter on the_content --><!-- AddThis Share Buttons generic via filter on the_content -->","protected":false},"excerpt":{"rendered":"<p>Para curarme de tanto deporte, de tanta Granadilla, de horas de lecturas, de vacaciones en septiembre, de Artur Mas, del Facebook. Para curarme de mi mismo, o con el pretexto de escribir esta Plaza Alta voy al centro de Badajoz, al meollo del bollo, donde se cuecen las cosas, donde va la gente guapa. Voy [&hellip;]<!-- AddThis Advanced Settings generic via filter on get_the_excerpt --><!-- AddThis Share Buttons generic via filter on get_the_excerpt --><\/p>\n","protected":false},"author":11,"featured_media":0,"comment_status":"open","ping_status":"closed","sticky":false,"template":"","format":"standard","meta":[],"categories":[2],"tags":[97,188,190,250,381,488,598,791,857,940,998,1014],"_links":{"self":[{"href":"https:\/\/blogs.hoy.es\/migas-canas\/wp-json\/wp\/v2\/posts\/749"}],"collection":[{"href":"https:\/\/blogs.hoy.es\/migas-canas\/wp-json\/wp\/v2\/posts"}],"about":[{"href":"https:\/\/blogs.hoy.es\/migas-canas\/wp-json\/wp\/v2\/types\/post"}],"author":[{"embeddable":true,"href":"https:\/\/blogs.hoy.es\/migas-canas\/wp-json\/wp\/v2\/users\/11"}],"replies":[{"embeddable":true,"href":"https:\/\/blogs.hoy.es\/migas-canas\/wp-json\/wp\/v2\/comments?post=749"}],"version-history":[{"count":0,"href":"https:\/\/blogs.hoy.es\/migas-canas\/wp-json\/wp\/v2\/posts\/749\/revisions"}],"wp:attachment":[{"href":"https:\/\/blogs.hoy.es\/migas-canas\/wp-json\/wp\/v2\/media?parent=749"}],"wp:term":[{"taxonomy":"category","embeddable":true,"href":"https:\/\/blogs.hoy.es\/migas-canas\/wp-json\/wp\/v2\/categories?post=749"},{"taxonomy":"post_tag","embeddable":true,"href":"https:\/\/blogs.hoy.es\/migas-canas\/wp-json\/wp\/v2\/tags?post=749"}],"curies":[{"name":"wp","href":"https:\/\/api.w.org\/{rel}","templated":true}]}}