{"id":755,"date":"2015-10-15T21:41:26","date_gmt":"2015-10-15T20:41:26","guid":{"rendered":"http:\/\/blogs.hoy.es\/migas-canas\/?p=755"},"modified":"2015-10-15T21:41:26","modified_gmt":"2015-10-15T20:41:26","slug":"igual-que-siempre","status":"publish","type":"post","link":"https:\/\/blogs.hoy.es\/migas-canas\/2015\/10\/15\/igual-que-siempre\/","title":{"rendered":"IGUAL QUE SIEMPRE"},"content":{"rendered":"<p><a href=\"\/migas-canas\/wp-content\/uploads\/sites\/8\/2015\/10\/DSCN0711-1.jpg\"><img loading=\"lazy\" class=\"aligncenter size-full wp-image-932\" title=\"DSCN0711 (1)\" src=\"\/migas-canas\/wp-content\/uploads\/sites\/8\/2015\/10\/DSCN0711-1.jpg\" alt=\"\" width=\"576\" height=\"432\" srcset=\"https:\/\/static-blogs.hoy.es\/wp-content\/uploads\/sites\/8\/2015\/10\/DSCN0711-1.jpg 576w, https:\/\/static-blogs.hoy.es\/wp-content\/uploads\/sites\/8\/2015\/10\/DSCN0711-1-300x225.jpg 300w\" sizes=\"(max-width: 576px) 100vw, 576px\" \/><\/a>Con la calma que da tener por delante dos horas sin tener nada que hacer. Horas en las que esta mi hija peque\u00f1a en la escuela para que se vaya acostumbrando,<strong> ese tiempo que llaman periodo de adaptaci\u00f3n y que tanto altera la vida de algunos padres.<\/strong><\/p>\n<p>Aprovecho ese hueco para tomar caf\u00e9 y leer el peri\u00f3dico.<strong> En esta secci\u00f3n, Candela Carrera dice<\/strong>: <strong>\u201cEn el per\u00edodo de adaptaci\u00f3n de los hijos, cuando trabajan el padre y la madre, qui\u00e9n termina encarg\u00e1ndose de la tarea de llevar y recoger a los ni\u00f1os del colegio es la mujer\u201d<\/strong>. \u00a1Eh! Sigue: \u201c<strong>El sistema obliga a muchas madres a reservar dos semana de vacaciones para realizar esa tarea\u201d.<\/strong> Lo estoy haciendo al rev\u00e9s.<strong> He cogido el mes de septiembre para llevar a la ni\u00f1a a la escuela y son las madres las encargadas de hacerlo. Cuando llegue a la puerta estar\u00e1n ellas esperando y yo el \u00fanico padre con una mochila de Dora la Exploradora en la mano. Sigo leyendo: \u201cSe habla de igualdad y corresponsabilidad, pero desgraciadamente hay roles que se perpet\u00faan y a pocos interesa cambiarlos\u201d<\/strong>. Vuelvo a leer por si hay algo entre l\u00edneas que se me escapa. No, lo dice bien clarito. Cierro el peri\u00f3dico y voy a por la<a href=\"\/migas-canas\/wp-content\/uploads\/sites\/8\/2014\/09\/alicia-septiembre1.jpg\"><img loading=\"lazy\" class=\"alignright size-thumbnail wp-image-525\" title=\"alicia septiembre1\" src=\"\/migas-canas\/wp-content\/uploads\/sites\/8\/2014\/09\/alicia-septiembre1.jpg\" alt=\"\" width=\"150\" height=\"150\" \/><\/a> ni\u00f1a<strong>. Cuando llego me quedo m\u00e1s tranquilo al ver que hay madres y m\u00e1s o menos el mismo n\u00famero de padres. Me entran ganas de abrazar a alguno<\/strong>. Tambi\u00e9n veo m\u00e1s abuelos que abuelas, eso si se ve a simple vista. Quiz\u00e1s Candela se refiera a otros colegios, o quiz\u00e1s este art\u00edculo lo escribio a\u00f1os atr\u00e1s y lo ha publicado ahora.<strong> Esta bien defender las injusticias pero nolas ya las superadas.<\/strong><\/p>\n<p><strong>Por cierto, hay pocas cosas parecidas a coger la mano de tu hija para llevarla a la escuela.<\/strong><\/p>\n<p><strong>Esto pas\u00f3 en septiembre,dud\u00e9 en publicarlo ante ese absurdo temor a ser calificado de machistas por contar lo que veo. Una cosa es que te califiquen de izquierda o de derecha y otra que te pongan la etiqueta de machista que es lo peor<\/strong>. S\u00e9 que no soy machista ni feminista y con eso me vale. <strong>Hoy leo en el peri\u00f3dico que solo 1 de cada <a href=\"\/migas-canas\/wp-content\/uploads\/sites\/8\/2015\/10\/DSCN0778.jpg\"><img loading=\"lazy\" class=\"alignleft size-thumbnail wp-image-759\" title=\"DSCN0778\" src=\"\/migas-canas\/wp-content\/uploads\/sites\/8\/2015\/10\/DSCN0778.jpg\" alt=\"\" width=\"150\" height=\"150\" \/><\/a>10 divorcio tienen la custodia compartida, los otros nueve se la dan a la madre<\/strong>.<strong> Lo mismo el art\u00edculo se refiere a la desigualdad en los tribunales con respecto a la realidad. Seguir insistiendo en algunas cosas favorecen otras.<\/strong><\/p>\n<p>&nbsp;<\/p>\n<p>&nbsp;<\/p>\n<p>&nbsp;<\/p>\n<p>&nbsp;<\/p>\n<!-- AddThis Advanced Settings generic via filter on the_content --><!-- AddThis Share Buttons generic via filter on the_content -->","protected":false},"excerpt":{"rendered":"<p>Con la calma que da tener por delante dos horas sin tener nada que hacer. Horas en las que esta mi hija peque\u00f1a en la escuela para que se vaya acostumbrando, ese tiempo que llaman periodo de adaptaci\u00f3n y que tanto altera la vida de algunos padres. Aprovecho ese hueco para tomar caf\u00e9 y leer [&hellip;]<!-- AddThis Advanced Settings generic via filter on get_the_excerpt --><!-- AddThis Share Buttons generic via filter on get_the_excerpt --><\/p>\n","protected":false},"author":11,"featured_media":0,"comment_status":"open","ping_status":"closed","sticky":false,"template":"","format":"standard","meta":[],"categories":[2],"tags":[338,348,415,440,662,769],"_links":{"self":[{"href":"https:\/\/blogs.hoy.es\/migas-canas\/wp-json\/wp\/v2\/posts\/755"}],"collection":[{"href":"https:\/\/blogs.hoy.es\/migas-canas\/wp-json\/wp\/v2\/posts"}],"about":[{"href":"https:\/\/blogs.hoy.es\/migas-canas\/wp-json\/wp\/v2\/types\/post"}],"author":[{"embeddable":true,"href":"https:\/\/blogs.hoy.es\/migas-canas\/wp-json\/wp\/v2\/users\/11"}],"replies":[{"embeddable":true,"href":"https:\/\/blogs.hoy.es\/migas-canas\/wp-json\/wp\/v2\/comments?post=755"}],"version-history":[{"count":0,"href":"https:\/\/blogs.hoy.es\/migas-canas\/wp-json\/wp\/v2\/posts\/755\/revisions"}],"wp:attachment":[{"href":"https:\/\/blogs.hoy.es\/migas-canas\/wp-json\/wp\/v2\/media?parent=755"}],"wp:term":[{"taxonomy":"category","embeddable":true,"href":"https:\/\/blogs.hoy.es\/migas-canas\/wp-json\/wp\/v2\/categories?post=755"},{"taxonomy":"post_tag","embeddable":true,"href":"https:\/\/blogs.hoy.es\/migas-canas\/wp-json\/wp\/v2\/tags?post=755"}],"curies":[{"name":"wp","href":"https:\/\/api.w.org\/{rel}","templated":true}]}}