{"id":760,"date":"2015-10-30T22:32:20","date_gmt":"2015-10-30T21:32:20","guid":{"rendered":"http:\/\/blogs.hoy.es\/migas-canas\/?p=760"},"modified":"2015-10-30T22:32:20","modified_gmt":"2015-10-30T21:32:20","slug":"por-el-camino-de-la-honestidad","status":"publish","type":"post","link":"https:\/\/blogs.hoy.es\/migas-canas\/2015\/10\/30\/por-el-camino-de-la-honestidad\/","title":{"rendered":"POR EL CAMINO DE LA HONESTIDAD"},"content":{"rendered":"<p><a href=\"\/migas-canas\/wp-content\/uploads\/sites\/8\/2015\/10\/IMG-20151030-WA0006-papa1.jpg\"><img loading=\"lazy\" class=\"aligncenter size-thumbnail wp-image-762\" title=\"IMG-20151030-WA0006 papa\" src=\"\/migas-canas\/wp-content\/uploads\/sites\/8\/2015\/10\/IMG-20151030-WA0006-papa1.jpg\" alt=\"\" width=\"150\" height=\"150\" \/><\/a><strong>Me acuerdo muchas veces de \u00e9l<\/strong>. De sus pocas palabras pero certeras. De su mirada serena y bondadosa. Un espejo donde mirarme. Recuerdo cuando se jubil\u00f3. Creo que<strong> fue el inventor del senderismo urbano.<\/strong> Sal\u00eda todas las ma\u00f1ana a andar por la ciudad a paso ligero, como dec\u00eda \u00e9l. Se le qued\u00f3 grabada esa expresi\u00f3n<strong> despu\u00e9s de hacer tres a\u00f1os de mili. Estuvo en la guerra. Pas\u00f3 hambre, pero nunca le o\u00ed quejarse, ni darse golpes de pecho. Naci\u00f3 en un pueblo (Valle de la Serena).<\/strong>Vivi\u00f3 en el campo hasta que se traslado a Badajoz para que todos sus hijos estudiasen. Siempre se adapt\u00f3 a la circunstancia sin rechistar. Cuando se jubil\u00f3 te lo pod\u00edas encontrar andando por San Roque, por la Estaci\u00f3n&#8230; todos los d\u00edas sal\u00eda y <strong>siempre terminaba sentado en el banco de San Francisco, su banco.<\/strong><\/p>\n<p>Ya no fumaba, dej\u00f3 un d\u00eda sin m\u00e1s. <strong>\u201cVoy a deja de fumar\u201d, y dej\u00f3 sin programas de desintoxicaci\u00f3n, sin terapia de grupo, sin pastillas, a pelo,<a href=\"\/migas-canas\/wp-content\/uploads\/sites\/8\/2015\/10\/DSCN1022.jpg\"><img loading=\"lazy\" class=\"alignright size-thumbnail wp-image-763\" title=\"DSCN1022\" src=\"\/migas-canas\/wp-content\/uploads\/sites\/8\/2015\/10\/DSCN1022.jpg\" alt=\"\" width=\"150\" height=\"150\" \/><\/a> como hac\u00edan las cosas los hombre de entonces.<\/strong> Guard\u00f3 el paquete de celtas y nunca m\u00e1s volvi\u00f3 a cogerlo. Beb\u00eda vino, como todos los hombres de su generaci\u00f3n. Nunca lo vi borracho. Hoy me he acordado de \u00e9l cuando he visto escrito a pluma en la portada de una carpeta con letras clara y serena: \u201cpapeles de Diego\u201d. Mi padre, al contrario que yo, era muy ordenado con sus cosas y la de los dem\u00e1s. Siempre lo ten\u00eda todo guardaba en aquellas carpetas rojas que se cerraban con una goma.<\/p>\n<p><strong>Fuera ha empezado a llover. Hace fr\u00edo. Una tarde de oto\u00f1o para estar en una chimenea con un libro y la mujer amada<\/strong>, tambi\u00e9n para escribir, para escribir un art\u00edculo sobre la actualidad: Catalu\u00f1a, la fecha para la aprobaci\u00f3n de los <a href=\"\/migas-canas\/wp-content\/uploads\/sites\/8\/2015\/10\/DSCN0911-2.jpg\"><img loading=\"lazy\" class=\"alignleft size-thumbnail wp-image-764\" title=\"DSCN0911 (2)\" src=\"\/migas-canas\/wp-content\/uploads\/sites\/8\/2015\/10\/DSCN0911-2.jpg\" alt=\"\" width=\"150\" height=\"150\" \/><\/a>presupuestos extreme\u00f1os, las elecciones nacionales. Una tarde para opinar sobre las noticias que salen en el telediario. Telediario que \u00e9l siempre ve\u00eda y al que llamaba parte. <strong>Pero Hoy, viendo las noticias, me acuerdo de \u00e9l. Un hombre cabal, sensato, un hombre bueno que hace que sea m\u00e1s dif\u00edcil para mi escribir sobres lo que veo y leo: Acorex, Caja Rural,mordidas del 3%, Artur Mas, hoy pienso m\u00e1s en ese otro camino por el que anduvo y me ense\u00f1o a andar, el camino de la sencillez y la honestidad.<\/strong><\/p>\n<p>&nbsp;<\/p>\n<p>&nbsp;<\/p>\n<p>Diego Algaba Mansilla<\/p>\n<!-- AddThis Advanced Settings generic via filter on the_content --><!-- AddThis Share Buttons generic via filter on the_content -->","protected":false},"excerpt":{"rendered":"<p>Me acuerdo muchas veces de \u00e9l. De sus pocas palabras pero certeras. De su mirada serena y bondadosa. Un espejo donde mirarme. Recuerdo cuando se jubil\u00f3. Creo que fue el inventor del senderismo urbano. Sal\u00eda todas las ma\u00f1ana a andar por la ciudad a paso ligero, como dec\u00eda \u00e9l. Se le qued\u00f3 grabada esa expresi\u00f3n [&hellip;]<!-- AddThis Advanced Settings generic via filter on get_the_excerpt --><!-- AddThis Share Buttons generic via filter on get_the_excerpt --><\/p>\n","protected":false},"author":11,"featured_media":0,"comment_status":"open","ping_status":"closed","sticky":false,"template":"","format":"standard","meta":[],"categories":[2],"tags":[15,72,103,181,244,509,517,602,731,782,813,941,945,956,1057],"_links":{"self":[{"href":"https:\/\/blogs.hoy.es\/migas-canas\/wp-json\/wp\/v2\/posts\/760"}],"collection":[{"href":"https:\/\/blogs.hoy.es\/migas-canas\/wp-json\/wp\/v2\/posts"}],"about":[{"href":"https:\/\/blogs.hoy.es\/migas-canas\/wp-json\/wp\/v2\/types\/post"}],"author":[{"embeddable":true,"href":"https:\/\/blogs.hoy.es\/migas-canas\/wp-json\/wp\/v2\/users\/11"}],"replies":[{"embeddable":true,"href":"https:\/\/blogs.hoy.es\/migas-canas\/wp-json\/wp\/v2\/comments?post=760"}],"version-history":[{"count":0,"href":"https:\/\/blogs.hoy.es\/migas-canas\/wp-json\/wp\/v2\/posts\/760\/revisions"}],"wp:attachment":[{"href":"https:\/\/blogs.hoy.es\/migas-canas\/wp-json\/wp\/v2\/media?parent=760"}],"wp:term":[{"taxonomy":"category","embeddable":true,"href":"https:\/\/blogs.hoy.es\/migas-canas\/wp-json\/wp\/v2\/categories?post=760"},{"taxonomy":"post_tag","embeddable":true,"href":"https:\/\/blogs.hoy.es\/migas-canas\/wp-json\/wp\/v2\/tags?post=760"}],"curies":[{"name":"wp","href":"https:\/\/api.w.org\/{rel}","templated":true}]}}