{"id":770,"date":"2015-11-10T23:16:43","date_gmt":"2015-11-10T22:16:43","guid":{"rendered":"http:\/\/blogs.hoy.es\/migas-canas\/?p=770"},"modified":"2015-11-10T23:16:43","modified_gmt":"2015-11-10T22:16:43","slug":"sanidad-publica","status":"publish","type":"post","link":"https:\/\/blogs.hoy.es\/migas-canas\/2015\/11\/10\/sanidad-publica\/","title":{"rendered":"SANIDAD P\u00daBLICA"},"content":{"rendered":"<p><a href=\"\/migas-canas\/wp-content\/uploads\/sites\/8\/2015\/11\/DSCN1163.jpg\"><img loading=\"lazy\" class=\"aligncenter size-thumbnail wp-image-772\" title=\"DSCN1163\" src=\"\/migas-canas\/wp-content\/uploads\/sites\/8\/2015\/11\/DSCN1163.jpg\" alt=\"\" width=\"150\" height=\"150\" \/><\/a>Me deriv\u00f3 el m\u00e9dico de cabecera a urgencia hospitalaria por lo que parec\u00eda una Neumon\u00eda<strong>. Me vuelvo \u00f1o\u00f1o y cobarde cada vez que veo la retorcida cruz verde del SES y el celador dice mi nombre en voz alta para pasar a la consulta.<\/strong><\/p>\n<p>El primer sanitario que me atendi\u00f3 fue un enfermero en la sala de triaje; un t\u00edo simp\u00e1tico, campechano, amable, si supiese su nombre lo escribir\u00eda aqu\u00ed. Me dij\u00f3 que me conoc\u00eda de leerme en el peri\u00f3dico. Me gusta que me reconozcan por los art\u00edculos pero en esas circunstancias ni sus halagos sirvieron para atenuar mi nerviosismo. Ese d\u00eda hab\u00eda disfrutado de la calle, de las tonalidades del amanecer y m\u00e1s tarde<strong> me encontr\u00e9 atrapado en una min\u00fascula consulta con una camilla, una botella de ox\u00edgeno y aparatajes que parec\u00edan m\u00e1s de un cuarto de tortura que de un lugar para sanar.<\/strong><\/p>\n<p><strong>Empez\u00f3 el proceso: Radiograf\u00eda, anal\u00edsis<\/strong> y espera de diagn\u00f3stico en la sala que llaman de los sillones. Cada sill\u00f3n tienen un n\u00famero. <a href=\"\/migas-canas\/wp-content\/uploads\/sites\/8\/2015\/11\/DSCN1169.jpg\"><img loading=\"lazy\" class=\"alignright size-thumbnail wp-image-773\" title=\"DSCN1169\" src=\"\/migas-canas\/wp-content\/uploads\/sites\/8\/2015\/11\/DSCN1169.jpg\" alt=\"\" width=\"150\" height=\"134\" \/><\/a><strong>Dejas de ser Diego para ser el tres<\/strong>. Junto al sill\u00f3n hay tornillos que sobresalen para conectar ox\u00edgeno, goteros y toda esa parafernalia de aparatos del p\u00e1nico. <strong>Menos mal que no me dieron el pijama verde abierto por atr\u00e1s porque ese es el momento en el que uno entrega su orgullo a todas los que van vestidos de blanco y llevan un fonendo colgado del cuello<\/strong>. En anal\u00edticas y radiograf\u00edas puede salir cualquier cosas y<strong> solo necesitas suerte para que en el bombo no toque la bola mala.<\/strong> No puedo dejar de pensar en negativo durante la larga y oscura espera de un diagn\u00f3stico. <strong>Para estar enfermo lo \u00fanico que se necesita es estar sano.<\/strong><\/p>\n<p>En la sala de los sillones hab\u00eda una chica con aspecto remilgado retorci\u00e9ndose de dolor por un c\u00f3lico nefr\u00edtico conteniendo las arcadas ante la imagen del paciente de brazos burdamente tatuados y que ten\u00eda a pocos metros escupiendo en el suelo.<\/p>\n<p><strong>Una se\u00f1ora que estaba acompa\u00f1ando a su madre me dijo \u201csi tienes neumon\u00eda, los cinco d\u00edas de ingresos no hay quien te les quite\u201d. No sabe esa se\u00f1ora el da\u00f1o que le hizo en mi \u00e1nimo con aquel alarde de sabidur\u00eda m\u00e9dica.<\/strong><\/p>\n<p>Sobre las tres de la tarde el facultativo que me atendi\u00f3, tampoco s\u00e9 su nombre si no tambi\u00e9n lo escribir\u00eda, me diagnostic\u00f3 de neumon\u00eda. <strong>Que <a href=\"\/migas-canas\/wp-content\/uploads\/sites\/8\/2015\/11\/DSCN0903.jpg\"><img loading=\"lazy\" class=\"alignleft size-thumbnail wp-image-774\" title=\"DSCN0903\" src=\"\/migas-canas\/wp-content\/uploads\/sites\/8\/2015\/11\/DSCN0903.jpg\" alt=\"\" width=\"150\" height=\"150\" \/><\/a>ser\u00eda de la sanidad p\u00fablica sin sus trabajadores, profesionales que est\u00e1n manteniendo los que algunos han intentan canalizar hacia lo privado<\/strong><\/p>\n<p>&nbsp;<\/p>\n<p>&nbsp;<\/p>\n<p>&nbsp;<\/p>\n<!-- AddThis Advanced Settings generic via filter on the_content --><!-- AddThis Share Buttons generic via filter on the_content -->","protected":false},"excerpt":{"rendered":"<p>Me deriv\u00f3 el m\u00e9dico de cabecera a urgencia hospitalaria por lo que parec\u00eda una Neumon\u00eda. Me vuelvo \u00f1o\u00f1o y cobarde cada vez que veo la retorcida cruz verde del SES y el celador dice mi nombre en voz alta para pasar a la consulta. El primer sanitario que me atendi\u00f3 fue un enfermero en la [&hellip;]<!-- AddThis Advanced Settings generic via filter on get_the_excerpt --><!-- AddThis Share Buttons generic via filter on get_the_excerpt --><\/p>\n","protected":false},"author":11,"featured_media":0,"comment_status":"open","ping_status":"closed","sticky":false,"template":"","format":"standard","meta":[],"categories":[2],"tags":[105,527,764,844,937,951,964],"_links":{"self":[{"href":"https:\/\/blogs.hoy.es\/migas-canas\/wp-json\/wp\/v2\/posts\/770"}],"collection":[{"href":"https:\/\/blogs.hoy.es\/migas-canas\/wp-json\/wp\/v2\/posts"}],"about":[{"href":"https:\/\/blogs.hoy.es\/migas-canas\/wp-json\/wp\/v2\/types\/post"}],"author":[{"embeddable":true,"href":"https:\/\/blogs.hoy.es\/migas-canas\/wp-json\/wp\/v2\/users\/11"}],"replies":[{"embeddable":true,"href":"https:\/\/blogs.hoy.es\/migas-canas\/wp-json\/wp\/v2\/comments?post=770"}],"version-history":[{"count":0,"href":"https:\/\/blogs.hoy.es\/migas-canas\/wp-json\/wp\/v2\/posts\/770\/revisions"}],"wp:attachment":[{"href":"https:\/\/blogs.hoy.es\/migas-canas\/wp-json\/wp\/v2\/media?parent=770"}],"wp:term":[{"taxonomy":"category","embeddable":true,"href":"https:\/\/blogs.hoy.es\/migas-canas\/wp-json\/wp\/v2\/categories?post=770"},{"taxonomy":"post_tag","embeddable":true,"href":"https:\/\/blogs.hoy.es\/migas-canas\/wp-json\/wp\/v2\/tags?post=770"}],"curies":[{"name":"wp","href":"https:\/\/api.w.org\/{rel}","templated":true}]}}