{"id":780,"date":"2015-12-04T22:49:50","date_gmt":"2015-12-04T21:49:50","guid":{"rendered":"http:\/\/blogs.hoy.es\/migas-canas\/?p=780"},"modified":"2015-12-04T22:49:50","modified_gmt":"2015-12-04T21:49:50","slug":"como-todos-los-dis","status":"publish","type":"post","link":"https:\/\/blogs.hoy.es\/migas-canas\/2015\/12\/04\/como-todos-los-dis\/","title":{"rendered":"COMO TODOS LOS D\u00cdAS"},"content":{"rendered":"<p><a href=\"\/migas-canas\/wp-content\/uploads\/sites\/8\/2015\/12\/DSCN1569-2.jpg\"><img loading=\"lazy\" class=\"aligncenter size-thumbnail wp-image-781\" title=\"DSCN1569 (2)\" src=\"\/migas-canas\/wp-content\/uploads\/sites\/8\/2015\/12\/DSCN1569-2.jpg\" alt=\"\" width=\"150\" height=\"150\" \/><\/a><strong>Bajamos las escaleras como todos los d\u00edas<\/strong>. No quiere ir en el ascensor. Tampoco le gusta que la lleve en coche, prefiere ir andando. Salimos a la calle,me da la mano<strong>.El paseo Condes de Barcelona ha adquirido esa tonalidad amarilla del oto\u00f1o<\/strong>. Han empezado a caer las primeras hojas de los casta\u00f1os de indias. <strong>Un manto amarillo intensifica, en toda la avenida la sensaci\u00f3n de alfombra mullida<\/strong>. En la tienda de perros est\u00e1 sentada la chica de todos los d\u00edas que nos saludaba con una sonrisa. Me dice \u201c\u00a1mira!\u201d se\u00f1alando un cartel de Dora la Exploradora que anuncia un <a href=\"\/migas-canas\/wp-content\/uploads\/sites\/8\/2015\/12\/DSCN1571-22.jpg\"><img loading=\"lazy\" class=\"alignright size-thumbnail wp-image-784\" title=\"DSCN1571 (2)\" src=\"\/migas-canas\/wp-content\/uploads\/sites\/8\/2015\/12\/DSCN1571-22.jpg\" alt=\"\" width=\"150\" height=\"150\" \/><\/a>espect\u00e1culo ya pasado.<strong> \u00bfA que soy mayor? me pregunta extendiendo los brazos hacia el cielo. todav\u00eda no ha descubierto la estafa del paso del tiempo<\/strong>. Con ella cada d\u00eda es igual aunque sea nuevo, aunque crezca sin darme cuenta, aunque me sorprenda con una reflexi\u00f3n que considero impropia de su edad. Atravesamos la avenida, seguimos por el parque de la vaca. Todas las ma\u00f1anas pasamos por los mismo sitios.<strong> Se agacha y coge del suelo dos piedras. Me da una \u201ctoma, un regalito para ti y esta para mam\u00e1\u201d y se la guarda con mimo en el bolsillo del baby.<\/strong> Seguimos andando por la calle Rota a esa hora en la que la acera se convierte en un r\u00edo de padres con ni\u00f1os. Los padres retomamos una infancia lejana como si fu\u00e9ramos nosotros los escolares. Los hijos nos devuelven a un tiempo pasado. Volvemos a coger l\u00e1pices de colores d\u00e1ndole brillo y sentido a nuestras vidas. Llegamos a la escuela. La dej\u00f3 con Inmaculada, su maestra.<strong> Tardamos 15 minutos. los 15 minutos de todos los d\u00edas en los que me trasformo en otra persona y olvido:<\/strong> Siria,Francia, Vara, Monago,Rajoy, <a href=\"\/migas-canas\/wp-content\/uploads\/sites\/8\/2015\/12\/DSCN1527-2.jpg\"><img loading=\"lazy\" class=\"alignleft size-thumbnail wp-image-785\" title=\"DSCN1527 (2)\" src=\"\/migas-canas\/wp-content\/uploads\/sites\/8\/2015\/12\/DSCN1527-2.jpg\" alt=\"\" width=\"150\" height=\"150\" \/><\/a>PSOE Iglesias,Ciudadanos, las elecciones&#8230;15 minutos en el que estoy ausente de este mundo imperfecto que a lo mejor deber\u00eda estar gobernado por<a href=\"\/migas-canas\/wp-content\/uploads\/sites\/8\/2015\/12\/DSCN1524.jpg\"><img loading=\"lazy\" class=\"alignright size-thumbnail wp-image-787\" title=\"DSCN1524\" src=\"\/migas-canas\/wp-content\/uploads\/sites\/8\/2015\/12\/DSCN1524.jpg\" alt=\"\" width=\"150\" height=\"150\" \/><\/a> la generosidad de los ni\u00f1os.<\/p>\n<p>&nbsp;<\/p>\n<p>&nbsp;<\/p>\n<!-- AddThis Advanced Settings generic via filter on the_content --><!-- AddThis Share Buttons generic via filter on the_content -->","protected":false},"excerpt":{"rendered":"<p>Bajamos las escaleras como todos los d\u00edas. No quiere ir en el ascensor. Tampoco le gusta que la lleve en coche, prefiere ir andando. Salimos a la calle,me da la mano.El paseo Condes de Barcelona ha adquirido esa tonalidad amarilla del oto\u00f1o. Han empezado a caer las primeras hojas de los casta\u00f1os de indias. Un [&hellip;]<!-- AddThis Advanced Settings generic via filter on get_the_excerpt --><!-- AddThis Share Buttons generic via filter on get_the_excerpt --><\/p>\n","protected":false},"author":11,"featured_media":0,"comment_status":"open","ping_status":"closed","sticky":false,"template":"","format":"standard","meta":[],"categories":[2],"tags":[191,282,697,769,810,819],"_links":{"self":[{"href":"https:\/\/blogs.hoy.es\/migas-canas\/wp-json\/wp\/v2\/posts\/780"}],"collection":[{"href":"https:\/\/blogs.hoy.es\/migas-canas\/wp-json\/wp\/v2\/posts"}],"about":[{"href":"https:\/\/blogs.hoy.es\/migas-canas\/wp-json\/wp\/v2\/types\/post"}],"author":[{"embeddable":true,"href":"https:\/\/blogs.hoy.es\/migas-canas\/wp-json\/wp\/v2\/users\/11"}],"replies":[{"embeddable":true,"href":"https:\/\/blogs.hoy.es\/migas-canas\/wp-json\/wp\/v2\/comments?post=780"}],"version-history":[{"count":0,"href":"https:\/\/blogs.hoy.es\/migas-canas\/wp-json\/wp\/v2\/posts\/780\/revisions"}],"wp:attachment":[{"href":"https:\/\/blogs.hoy.es\/migas-canas\/wp-json\/wp\/v2\/media?parent=780"}],"wp:term":[{"taxonomy":"category","embeddable":true,"href":"https:\/\/blogs.hoy.es\/migas-canas\/wp-json\/wp\/v2\/categories?post=780"},{"taxonomy":"post_tag","embeddable":true,"href":"https:\/\/blogs.hoy.es\/migas-canas\/wp-json\/wp\/v2\/tags?post=780"}],"curies":[{"name":"wp","href":"https:\/\/api.w.org\/{rel}","templated":true}]}}